{"id":185766,"date":"2025-11-21T13:33:27","date_gmt":"2025-11-21T19:33:27","guid":{"rendered":"https:\/\/canal7slp.tv\/2026\/?p=185766"},"modified":"2025-11-21T19:21:52","modified_gmt":"2025-11-22T01:21:52","slug":"asesinan-a-lauro-orozco-exalcalde-de-ignacio-zaragoza-en-un-ataque-armado","status":"publish","type":"post","link":"https:\/\/canal7slp.tv\/2026\/asesinan-a-lauro-orozco-exalcalde-de-ignacio-zaragoza-en-un-ataque-armado\/","title":{"rendered":"Asesinan a Lauro Orozco, exalcalde de Ignacio Zaragoza, en un ataque armado"},"content":{"rendered":"<p style=\"text-align: justify;\">Ignacio de Zaragoza.- Lauro Orozco G\u00f3mez, expresidente municipal de Ignacio Zaragoza, Chihuahua, fue asesinado a balazos mientras permanec\u00eda dentro de su veh\u00edculo en la v\u00eda p\u00fablica.<\/p>\n<p style=\"text-align: justify;\">La Fiscal\u00eda General del Estado inform\u00f3 que el exfuncionario fue encontrado sin vida en una camioneta gris, con al menos dos heridas de arma de fuego en la cabeza y el cuello.<\/p>\n<p style=\"text-align: justify;\">El ataque fue reportado alrededor de las 14:19 horas del mi\u00e9rcoles, lo que moviliz\u00f3 a agentes ministeriales y peritos al lugar.<\/p>\n<p style=\"text-align: justify;\">Durante las primeras diligencias se aseguraron dos tel\u00e9fonos celulares y dos casquillos percutidos calibre 9 mil\u00edmetros.<\/p>\n<p style=\"text-align: justify;\">Un familiar relat\u00f3 que Orozco G\u00f3mez hab\u00eda salido de su domicilio para dirigirse a una bodega donde almacenaba productos relacionados con su negocio de venta de bebidas alcoh\u00f3licas.<\/p>\n<p style=\"text-align: justify;\">El cuerpo fue trasladado al Servicio M\u00e9dico Forense para realizar la necropsia, mientras la autoridad estatal contin\u00faa con las investigaciones para esclarecer el homicidio.<\/p>\n","protected":false},"excerpt":{"rendered":"<p>Ignacio de Zaragoza.- Lauro Orozco G\u00f3mez, expresidente municipal de Ignacio Zaragoza, Chihuahua, fue asesinado a balazos mientras permanec\u00eda dentro de su veh\u00edculo en la v\u00eda p\u00fablica. La Fiscal\u00eda General del Estado inform\u00f3 que el exfuncionario fue encontrado sin vida en una camioneta gris, con al menos dos heridas de arma de fuego en la cabeza y el cuello. El ataque fue reportado alrededor de las 14:19 horas del mi\u00e9rcoles, lo que moviliz\u00f3 a agentes ministeriales y peritos al lugar. Durante las primeras diligencias se aseguraron dos tel\u00e9fonos celulares y dos casquillos percutidos calibre 9 mil\u00edmetros. Un familiar relat\u00f3 que Orozco [&hellip;]<\/p>\n","protected":false},"author":2,"featured_media":185767,"comment_status":"closed","ping_status":"closed","sticky":false,"template":"","format":"standard","meta":{"_monsterinsights_skip_tracking":false,"_monsterinsights_sitenote_active":false,"_monsterinsights_sitenote_note":"","_monsterinsights_sitenote_category":0,"footnotes":""},"categories":[46],"tags":[],"class_list":["post-185766","post","type-post","status-publish","format-standard","has-post-thumbnail","hentry","category-nacional","post--single"],"_links":{"self":[{"href":"https:\/\/canal7slp.tv\/2026\/wp-json\/wp\/v2\/posts\/185766","targetHints":{"allow":["GET"]}}],"collection":[{"href":"https:\/\/canal7slp.tv\/2026\/wp-json\/wp\/v2\/posts"}],"about":[{"href":"https:\/\/canal7slp.tv\/2026\/wp-json\/wp\/v2\/types\/post"}],"author":[{"embeddable":true,"href":"https:\/\/canal7slp.tv\/2026\/wp-json\/wp\/v2\/users\/2"}],"replies":[{"embeddable":true,"href":"https:\/\/canal7slp.tv\/2026\/wp-json\/wp\/v2\/comments?post=185766"}],"version-history":[{"count":1,"href":"https:\/\/canal7slp.tv\/2026\/wp-json\/wp\/v2\/posts\/185766\/revisions"}],"predecessor-version":[{"id":185768,"href":"https:\/\/canal7slp.tv\/2026\/wp-json\/wp\/v2\/posts\/185766\/revisions\/185768"}],"wp:featuredmedia":[{"embeddable":true,"href":"https:\/\/canal7slp.tv\/2026\/wp-json\/wp\/v2\/media\/185767"}],"wp:attachment":[{"href":"https:\/\/canal7slp.tv\/2026\/wp-json\/wp\/v2\/media?parent=185766"}],"wp:term":[{"taxonomy":"category","embeddable":true,"href":"https:\/\/canal7slp.tv\/2026\/wp-json\/wp\/v2\/categories?post=185766"},{"taxonomy":"post_tag","embeddable":true,"href":"https:\/\/canal7slp.tv\/2026\/wp-json\/wp\/v2\/tags?post=185766"}],"curies":[{"name":"wp","href":"https:\/\/api.w.org\/{rel}","templated":true}]}}