{"id":185705,"date":"2025-11-20T20:27:50","date_gmt":"2025-11-21T02:27:50","guid":{"rendered":"https:\/\/canal7slp.tv\/2026\/?p=185705"},"modified":"2025-11-20T20:27:50","modified_gmt":"2025-11-21T02:27:50","slug":"marchan-estudiantes-de-derecho-inconformes-ante-proceso-para-elegir-nueva-directiva-de-esta-facultad","status":"publish","type":"post","link":"https:\/\/canal7slp.tv\/2026\/marchan-estudiantes-de-derecho-inconformes-ante-proceso-para-elegir-nueva-directiva-de-esta-facultad\/","title":{"rendered":"Marchan estudiantes de Derecho inconformes ante proceso para elegir nueva directiva de esta facultad"},"content":{"rendered":"<p style=\"text-align: justify;\"><span style=\"font-size: 1.21429rem;\">SLP.- Inconformes con el proceso para elegir al nuevo director de la Facultad de Derecho de la Universidad Aut\u00f3noma de San Luis Potos\u00ed, un reducido grupo de estudiantes realiz\u00f3 una marcha a pesar de que la convocatoria la anunciaron en sus redes.<\/span><\/p>\n<p style=\"text-align: justify;\">Al decir que sus propuestas no fueron tomadas en cuenta afirmaron que la mayor\u00eda de los estudiantes se han pronunciado porque sea una mujer, la que est\u00e9 al frente de la direcci\u00f3n de la Facultad.<\/p>\n<p style=\"text-align: justify;\">Al caminar por varias calles desde la Facultad llegaron hasta el edificio central de la Universidad en donde en esos momentos, sesionaba el Consejo Directivo Universitario precisamente para elegir a la nueva dirigencia de la escuela.<\/p>\n<p style=\"text-align: justify;\">Al llegar leyeron un posicionamiento en donde reiteraron su rechazo al proceso de elecci\u00f3n de la nueva directiva de la Facultad de Derecho.<\/p>\n<p>Por: Claudio Ibarra<\/p>\n","protected":false},"excerpt":{"rendered":"<p>SLP.- Inconformes con el proceso para elegir al nuevo director de la Facultad de Derecho de la Universidad Aut\u00f3noma de San Luis Potos\u00ed, un reducido grupo de estudiantes realiz\u00f3 una marcha a pesar de que la convocatoria la anunciaron en sus redes. Al decir que sus propuestas no fueron tomadas en cuenta afirmaron que la mayor\u00eda de los estudiantes se han pronunciado porque sea una mujer, la que est\u00e9 al frente de la direcci\u00f3n de la Facultad. Al caminar por varias calles desde la Facultad llegaron hasta el edificio central de la Universidad en donde en esos momentos, sesionaba el [&hellip;]<\/p>\n","protected":false},"author":2,"featured_media":185737,"comment_status":"closed","ping_status":"closed","sticky":false,"template":"","format":"video","meta":{"_monsterinsights_skip_tracking":false,"_monsterinsights_sitenote_active":false,"_monsterinsights_sitenote_note":"","_monsterinsights_sitenote_category":0,"footnotes":""},"categories":[5,45],"tags":[],"class_list":["post-185705","post","type-post","status-publish","format-video","has-post-thumbnail","hentry","category-destacadas","category-localesyregionales","post_format-post-format-video","post--single"],"_links":{"self":[{"href":"https:\/\/canal7slp.tv\/2026\/wp-json\/wp\/v2\/posts\/185705","targetHints":{"allow":["GET"]}}],"collection":[{"href":"https:\/\/canal7slp.tv\/2026\/wp-json\/wp\/v2\/posts"}],"about":[{"href":"https:\/\/canal7slp.tv\/2026\/wp-json\/wp\/v2\/types\/post"}],"author":[{"embeddable":true,"href":"https:\/\/canal7slp.tv\/2026\/wp-json\/wp\/v2\/users\/2"}],"replies":[{"embeddable":true,"href":"https:\/\/canal7slp.tv\/2026\/wp-json\/wp\/v2\/comments?post=185705"}],"version-history":[{"count":2,"href":"https:\/\/canal7slp.tv\/2026\/wp-json\/wp\/v2\/posts\/185705\/revisions"}],"predecessor-version":[{"id":185738,"href":"https:\/\/canal7slp.tv\/2026\/wp-json\/wp\/v2\/posts\/185705\/revisions\/185738"}],"wp:featuredmedia":[{"embeddable":true,"href":"https:\/\/canal7slp.tv\/2026\/wp-json\/wp\/v2\/media\/185737"}],"wp:attachment":[{"href":"https:\/\/canal7slp.tv\/2026\/wp-json\/wp\/v2\/media?parent=185705"}],"wp:term":[{"taxonomy":"category","embeddable":true,"href":"https:\/\/canal7slp.tv\/2026\/wp-json\/wp\/v2\/categories?post=185705"},{"taxonomy":"post_tag","embeddable":true,"href":"https:\/\/canal7slp.tv\/2026\/wp-json\/wp\/v2\/tags?post=185705"}],"curies":[{"name":"wp","href":"https:\/\/api.w.org\/{rel}","templated":true}]}}