{"id":185698,"date":"2025-11-20T20:32:05","date_gmt":"2025-11-21T02:32:05","guid":{"rendered":"https:\/\/canal7slp.tv\/2026\/?p=185698"},"modified":"2025-11-20T20:32:05","modified_gmt":"2025-11-21T02:32:05","slug":"en-soledad-conmemoran-el-115-aniversario-de-la-revolucion-mexicana","status":"publish","type":"post","link":"https:\/\/canal7slp.tv\/2026\/en-soledad-conmemoran-el-115-aniversario-de-la-revolucion-mexicana\/","title":{"rendered":"En Soledad conmemoran el 115 Aniversario de la Revoluci\u00f3n Mexicana"},"content":{"rendered":"<p style=\"text-align: justify;\"><span style=\"font-size: 1.21429rem;\">SGS.- Un contingente de m\u00e1s de tres mil personas particip\u00f3 en el desfile conmemorativo por el 115 aniversario de la Revoluci\u00f3n Mexicana, en el municipio de Soledad de Graciano S\u00e1nchez.<\/span><\/p>\n<p style=\"text-align: justify;\">Lo presidi\u00f3 el alcalde Juan Manuel Navarro Mu\u00f1iz al destacar que este evento fortalece la identidad nacional, adem\u00e1s de promover el respeto c\u00edvico y acercar a la comunidad a sus ra\u00edces hist\u00f3ricas.<\/p>\n<p style=\"text-align: justify;\">El acto protocolario inici\u00f3 con los honores a la bandera en la plaza principal de la cabecera municipal a donde acudieron tambi\u00e9n, los funcionarios municipales soledenses.<\/p>\n<p style=\"text-align: justify;\">El desfile recorri\u00f3 las principales calles de este municipio encabezados por las corporaciones de seguridad como la Guardia Civil Municipal, adem\u00e1s de alumnos de 31 instituciones educativas presentando tablas r\u00edtmicas y acrobacias, sin que se registrara ning\u00fan incidente.<\/p>\n<p>Por: Claudio Ibarra<\/p>\n","protected":false},"excerpt":{"rendered":"<p>SGS.- Un contingente de m\u00e1s de tres mil personas particip\u00f3 en el desfile conmemorativo por el 115 aniversario de la Revoluci\u00f3n Mexicana, en el municipio de Soledad de Graciano S\u00e1nchez. Lo presidi\u00f3 el alcalde Juan Manuel Navarro Mu\u00f1iz al destacar que este evento fortalece la identidad nacional, adem\u00e1s de promover el respeto c\u00edvico y acercar a la comunidad a sus ra\u00edces hist\u00f3ricas. El acto protocolario inici\u00f3 con los honores a la bandera en la plaza principal de la cabecera municipal a donde acudieron tambi\u00e9n, los funcionarios municipales soledenses. El desfile recorri\u00f3 las principales calles de este municipio encabezados por las [&hellip;]<\/p>\n","protected":false},"author":2,"featured_media":185740,"comment_status":"closed","ping_status":"closed","sticky":false,"template":"","format":"video","meta":{"_monsterinsights_skip_tracking":false,"_monsterinsights_sitenote_active":false,"_monsterinsights_sitenote_note":"","_monsterinsights_sitenote_category":0,"footnotes":""},"categories":[512,5,45],"tags":[],"class_list":["post-185698","post","type-post","status-publish","format-video","has-post-thumbnail","hentry","category-ayosgs","category-destacadas","category-localesyregionales","post_format-post-format-video","post--single"],"_links":{"self":[{"href":"https:\/\/canal7slp.tv\/2026\/wp-json\/wp\/v2\/posts\/185698","targetHints":{"allow":["GET"]}}],"collection":[{"href":"https:\/\/canal7slp.tv\/2026\/wp-json\/wp\/v2\/posts"}],"about":[{"href":"https:\/\/canal7slp.tv\/2026\/wp-json\/wp\/v2\/types\/post"}],"author":[{"embeddable":true,"href":"https:\/\/canal7slp.tv\/2026\/wp-json\/wp\/v2\/users\/2"}],"replies":[{"embeddable":true,"href":"https:\/\/canal7slp.tv\/2026\/wp-json\/wp\/v2\/comments?post=185698"}],"version-history":[{"count":2,"href":"https:\/\/canal7slp.tv\/2026\/wp-json\/wp\/v2\/posts\/185698\/revisions"}],"predecessor-version":[{"id":185741,"href":"https:\/\/canal7slp.tv\/2026\/wp-json\/wp\/v2\/posts\/185698\/revisions\/185741"}],"wp:featuredmedia":[{"embeddable":true,"href":"https:\/\/canal7slp.tv\/2026\/wp-json\/wp\/v2\/media\/185740"}],"wp:attachment":[{"href":"https:\/\/canal7slp.tv\/2026\/wp-json\/wp\/v2\/media?parent=185698"}],"wp:term":[{"taxonomy":"category","embeddable":true,"href":"https:\/\/canal7slp.tv\/2026\/wp-json\/wp\/v2\/categories?post=185698"},{"taxonomy":"post_tag","embeddable":true,"href":"https:\/\/canal7slp.tv\/2026\/wp-json\/wp\/v2\/tags?post=185698"}],"curies":[{"name":"wp","href":"https:\/\/api.w.org\/{rel}","templated":true}]}}