{"id":185689,"date":"2025-11-20T16:57:37","date_gmt":"2025-11-20T22:57:37","guid":{"rendered":"https:\/\/canal7slp.tv\/2026\/?p=185689"},"modified":"2025-11-20T16:57:37","modified_gmt":"2025-11-20T22:57:37","slug":"ascensos-y-condecoraciones-fortalecen-labor-de-la-12-a-zona-militar-en-slp","status":"publish","type":"post","link":"https:\/\/canal7slp.tv\/2026\/ascensos-y-condecoraciones-fortalecen-labor-de-la-12-a-zona-militar-en-slp\/","title":{"rendered":"Ascensos y condecoraciones fortalecen labor de la 12\/a Zona Militar en SLP"},"content":{"rendered":"<p style=\"text-align: justify;\"><span style=\"font-size: 1.21429rem;\">SLP.- La 12\/a Zona Militar llev\u00f3 a cabo la ceremonia de ascenso y entrega de condecoraciones a personal del Ej\u00e9rcito Mexicano en San Luis Potos\u00ed.<\/span><\/p>\n<p style=\"text-align: justify;\">Se trat\u00f3 de un acto solemne que reconoci\u00f3 a\u00f1os de disciplina, formaci\u00f3n y servicio dentro de las fuerzas armadas.<\/p>\n<p style=\"text-align: justify;\">El evento tuvo como sede la explanada del 40\/o Batall\u00f3n de Infanter\u00eda y reuni\u00f3 a mandos, tropa y familiares de los elementos distinguidos.<\/p>\n<p style=\"text-align: justify;\">Durante la ceremonia, el general de brigada Estado Mayor, Roberto Bernal Ben\u00edtez, subray\u00f3 el significado institucional y personal que representa avanzar en la carrera militar.<\/p>\n<p style=\"text-align: justify;\">\u201cEs un inmenso honor dirigirme a ustedes hoy en este recinto sagrado e hist\u00f3rico del 40 Batall\u00f3n de Infanter\u00eda, el ascenso obtenido al grado inmediato en la promoci\u00f3n general para jefes y oficiales en la promoci\u00f3n superior en mi casa a general de brigada no es un simple cambio de insignia es el reconocimiento a una vida de servicio\u201d, se\u00f1al\u00f3.<\/p>\n<p style=\"text-align: justify;\">En su mensaje destac\u00f3 tambi\u00e9n el papel fundamental de las familias, a quienes reconoci\u00f3 por acompa\u00f1ar los procesos de formaci\u00f3n y los despliegues operativos.<\/p>\n<p style=\"text-align: justify;\">\u201cEl camino de las fuerzas armadas exige un sacrificio personal, complejo e invaluable, pero lo exige tambi\u00e9n de ustedes, familia, horas de ausencia sacrificios incertidumbre angustias y mudanzas\u201d, dijo.<\/p>\n<p style=\"text-align: justify;\">Continu\u00f3: \u201cSu apoyo incondicional nos permite operar con la mente y esp\u00edritu tranquilas sabiendo que en casa hay una trinchera de paz tranquilidad y amor as\u00ed que este ascenso es tanto suyo como nuestro gracias por su comprensi\u00f3n su paciencia y su amor\u201d.<\/p>\n<p style=\"text-align: justify;\">El general se\u00f1al\u00f3 que el ascenso simboliza una trayectoria construida a partir de disciplina y actualizaci\u00f3n constante.<\/p>\n<p style=\"text-align: justify;\">\u201cRecordemos nuestra historia, nuestra vocaci\u00f3n de servicio: no es un trabajo, es un llamado, detr\u00e1s hay incontables horas de esfuerzo de estudio y adiestramiento rigurosos, este ascenso eso es la validaci\u00f3n de un profesionalismo inquebrantable\u00bb, coment\u00f3.<\/p>\n<p style=\"text-align: justify;\">Enfatiz\u00f3 que el servicio a la patria requiere excelencia permanente y responsabilidad frente a la sociedad.<\/p>\n<p style=\"text-align: justify;\">\u201cHemos aprendido que el servicio de la patria no permite mediocridad, la satisfacci\u00f3n de servir a las fuerzas armadas radica en saber que cada d\u00eda contribuimos a salvaguardar la soberan\u00eda y la paz de nuestro pueblo\u00bb, expuso.<\/p>\n<p style=\"text-align: justify;\">A\u00f1adi\u00f3: \u201cEl inherente c\u00f3digo de honor nos obliga a la excelencia en cada misi\u00f3n, el grado superior implica una mayor responsabilidad, la sociedad conf\u00eda en nosotros, la patria nos demanda lealtad absoluta, reafirmemos nuestro compromiso con la sociedad y con la bandera que nos cobija\u201d.<\/p>\n<p style=\"text-align: justify;\">Finalmente, afirm\u00f3 que los nuevos grados implican mayor liderazgo y un compromiso renovado con las tareas operativas del Ej\u00e9rcito.<\/p>\n<p style=\"text-align: justify;\">\u201cEstaremos siempre donde se necesite, con la ley como gu\u00eda y la \u00e9tica como Norma, en este nuevo escal\u00f3n de mando, nuestro futuro se seguir\u00e1 cimentando en la acci\u00f3n, seguiremos actuando con el mismo entusiasmo, con la misma y m\u00e1xima disciplina, y la innegociable responsabilidad que merece M\u00e9xico\u00bb, termin\u00f3.<\/p>\n<p>Por: Jos\u00e9 Luis V\u00e1zquez<\/p>\n","protected":false},"excerpt":{"rendered":"<p>SLP.- La 12\/a Zona Militar llev\u00f3 a cabo la ceremonia de ascenso y entrega de condecoraciones a personal del Ej\u00e9rcito Mexicano en San Luis Potos\u00ed. Se trat\u00f3 de un acto solemne que reconoci\u00f3 a\u00f1os de disciplina, formaci\u00f3n y servicio dentro de las fuerzas armadas. El evento tuvo como sede la explanada del 40\/o Batall\u00f3n de Infanter\u00eda y reuni\u00f3 a mandos, tropa y familiares de los elementos distinguidos. Durante la ceremonia, el general de brigada Estado Mayor, Roberto Bernal Ben\u00edtez, subray\u00f3 el significado institucional y personal que representa avanzar en la carrera militar. \u201cEs un inmenso honor dirigirme a ustedes hoy [&hellip;]<\/p>\n","protected":false},"author":2,"featured_media":185691,"comment_status":"closed","ping_status":"closed","sticky":false,"template":"","format":"video","meta":{"_monsterinsights_skip_tracking":false,"_monsterinsights_sitenote_active":false,"_monsterinsights_sitenote_note":"","_monsterinsights_sitenote_category":0,"footnotes":""},"categories":[5,45],"tags":[],"class_list":["post-185689","post","type-post","status-publish","format-video","has-post-thumbnail","hentry","category-destacadas","category-localesyregionales","post_format-post-format-video","post--single"],"_links":{"self":[{"href":"https:\/\/canal7slp.tv\/2026\/wp-json\/wp\/v2\/posts\/185689","targetHints":{"allow":["GET"]}}],"collection":[{"href":"https:\/\/canal7slp.tv\/2026\/wp-json\/wp\/v2\/posts"}],"about":[{"href":"https:\/\/canal7slp.tv\/2026\/wp-json\/wp\/v2\/types\/post"}],"author":[{"embeddable":true,"href":"https:\/\/canal7slp.tv\/2026\/wp-json\/wp\/v2\/users\/2"}],"replies":[{"embeddable":true,"href":"https:\/\/canal7slp.tv\/2026\/wp-json\/wp\/v2\/comments?post=185689"}],"version-history":[{"count":1,"href":"https:\/\/canal7slp.tv\/2026\/wp-json\/wp\/v2\/posts\/185689\/revisions"}],"predecessor-version":[{"id":185692,"href":"https:\/\/canal7slp.tv\/2026\/wp-json\/wp\/v2\/posts\/185689\/revisions\/185692"}],"wp:featuredmedia":[{"embeddable":true,"href":"https:\/\/canal7slp.tv\/2026\/wp-json\/wp\/v2\/media\/185691"}],"wp:attachment":[{"href":"https:\/\/canal7slp.tv\/2026\/wp-json\/wp\/v2\/media?parent=185689"}],"wp:term":[{"taxonomy":"category","embeddable":true,"href":"https:\/\/canal7slp.tv\/2026\/wp-json\/wp\/v2\/categories?post=185689"},{"taxonomy":"post_tag","embeddable":true,"href":"https:\/\/canal7slp.tv\/2026\/wp-json\/wp\/v2\/tags?post=185689"}],"curies":[{"name":"wp","href":"https:\/\/api.w.org\/{rel}","templated":true}]}}