{"id":185685,"date":"2025-11-20T16:51:09","date_gmt":"2025-11-20T22:51:09","guid":{"rendered":"https:\/\/canal7slp.tv\/2026\/?p=185685"},"modified":"2025-11-20T16:51:09","modified_gmt":"2025-11-20T22:51:09","slug":"slp-conmemora-el-cxv-aniversario-de-la-revolucion-mexicana","status":"publish","type":"post","link":"https:\/\/canal7slp.tv\/2026\/slp-conmemora-el-cxv-aniversario-de-la-revolucion-mexicana\/","title":{"rendered":"SLP conmemora el CXV aniversario de la Revoluci\u00f3n Mexicana"},"content":{"rendered":"<p style=\"text-align: justify;\"><span style=\"font-size: 1.21429rem;\">SLP.- San Luis Potos\u00ed conmemor\u00f3 el CXV aniversario de la Revoluci\u00f3n Mexicana con un Desfile C\u00edvico-Cultural.<\/span><\/p>\n<p style=\"text-align: justify;\">Un recorrido que reuni\u00f3 a 2 mil 900 participantes y carros aleg\u00f3ricos del sector educativo, de seguridad y deportivo que se traslad\u00f3 desde Eje Vial hasta el Jard\u00edn de Tequis.<\/p>\n<p style=\"text-align: justify;\">El contingente recre\u00f3 pasajes emblem\u00e1ticos de la Revoluci\u00f3n.<\/p>\n<p style=\"text-align: justify;\">De hecho, resaltaron representaciones de maderistas, ferrocarrileros, adelitas, zapatistas y villistas, acompa\u00f1ados por bandas de guerra y escoltas que abrieron el desfile conmemorativo.<\/p>\n<p style=\"text-align: justify;\">Adem\u00e1s de los episodios hist\u00f3ricos, el programa incluy\u00f3 escenas que remiten a la educaci\u00f3n, la justicia social y la vida rural, elementos que marcaron el rumbo del pa\u00eds durante aquel movimiento social.<\/p>\n<p style=\"text-align: justify;\">El desfile cerr\u00f3 con una presentaci\u00f3n de bailes art\u00edsticos y una demostraci\u00f3n de autos antiguos como parte de la oferta cultural de esta edici\u00f3n.<\/p>\n<p style=\"text-align: justify;\">De acuerdo con las autoridades, este tipo de eventos refuerza la preservaci\u00f3n de las tradiciones y busca fortalecer el orgullo por la historia compartida del pa\u00eds.<\/p>\n<p>Por: Jos\u00e9 Luis V\u00e1zquez<\/p>\n","protected":false},"excerpt":{"rendered":"<p>SLP.- San Luis Potos\u00ed conmemor\u00f3 el CXV aniversario de la Revoluci\u00f3n Mexicana con un Desfile C\u00edvico-Cultural. Un recorrido que reuni\u00f3 a 2 mil 900 participantes y carros aleg\u00f3ricos del sector educativo, de seguridad y deportivo que se traslad\u00f3 desde Eje Vial hasta el Jard\u00edn de Tequis. El contingente recre\u00f3 pasajes emblem\u00e1ticos de la Revoluci\u00f3n. De hecho, resaltaron representaciones de maderistas, ferrocarrileros, adelitas, zapatistas y villistas, acompa\u00f1ados por bandas de guerra y escoltas que abrieron el desfile conmemorativo. Adem\u00e1s de los episodios hist\u00f3ricos, el programa incluy\u00f3 escenas que remiten a la educaci\u00f3n, la justicia social y la vida rural, elementos que [&hellip;]<\/p>\n","protected":false},"author":2,"featured_media":185687,"comment_status":"closed","ping_status":"closed","sticky":false,"template":"","format":"video","meta":{"_monsterinsights_skip_tracking":false,"_monsterinsights_sitenote_active":false,"_monsterinsights_sitenote_note":"","_monsterinsights_sitenote_category":0,"footnotes":""},"categories":[5,510,45],"tags":[],"class_list":["post-185685","post","type-post","status-publish","format-video","has-post-thumbnail","hentry","category-destacadas","category-gobedoslp","category-localesyregionales","post_format-post-format-video","post--single"],"_links":{"self":[{"href":"https:\/\/canal7slp.tv\/2026\/wp-json\/wp\/v2\/posts\/185685","targetHints":{"allow":["GET"]}}],"collection":[{"href":"https:\/\/canal7slp.tv\/2026\/wp-json\/wp\/v2\/posts"}],"about":[{"href":"https:\/\/canal7slp.tv\/2026\/wp-json\/wp\/v2\/types\/post"}],"author":[{"embeddable":true,"href":"https:\/\/canal7slp.tv\/2026\/wp-json\/wp\/v2\/users\/2"}],"replies":[{"embeddable":true,"href":"https:\/\/canal7slp.tv\/2026\/wp-json\/wp\/v2\/comments?post=185685"}],"version-history":[{"count":1,"href":"https:\/\/canal7slp.tv\/2026\/wp-json\/wp\/v2\/posts\/185685\/revisions"}],"predecessor-version":[{"id":185688,"href":"https:\/\/canal7slp.tv\/2026\/wp-json\/wp\/v2\/posts\/185685\/revisions\/185688"}],"wp:featuredmedia":[{"embeddable":true,"href":"https:\/\/canal7slp.tv\/2026\/wp-json\/wp\/v2\/media\/185687"}],"wp:attachment":[{"href":"https:\/\/canal7slp.tv\/2026\/wp-json\/wp\/v2\/media?parent=185685"}],"wp:term":[{"taxonomy":"category","embeddable":true,"href":"https:\/\/canal7slp.tv\/2026\/wp-json\/wp\/v2\/categories?post=185685"},{"taxonomy":"post_tag","embeddable":true,"href":"https:\/\/canal7slp.tv\/2026\/wp-json\/wp\/v2\/tags?post=185685"}],"curies":[{"name":"wp","href":"https:\/\/api.w.org\/{rel}","templated":true}]}}