{"id":185640,"date":"2025-11-20T15:17:16","date_gmt":"2025-11-20T21:17:16","guid":{"rendered":"https:\/\/canal7slp.tv\/2026\/?p=185640"},"modified":"2025-11-20T15:35:24","modified_gmt":"2025-11-20T21:35:24","slug":"se-realizo-la-ceremonia-del-premio-estatal-del-deporte-2025","status":"publish","type":"post","link":"https:\/\/canal7slp.tv\/2026\/se-realizo-la-ceremonia-del-premio-estatal-del-deporte-2025\/","title":{"rendered":"Se realiz\u00f3 la ceremonia del Premio Estatal del Deporte 2025"},"content":{"rendered":"<p style=\"text-align: justify;\">SLP.- En ceremonia realizada en el Teatro de la paz se realizo la entrega del premio estatal del deporte en su edici\u00f3n 2025.<\/p>\n<p style=\"text-align: justify;\">En esta ocasi\u00f3n los galardonados fueron; Deportista Convencional Valentina Lomas D\u00edaz de la disciplina de patinaje art\u00edstico sobre ruedas, en deporte adaptado Jes\u00fas Eduardo Ponce Bueno, como mejor entrenadora Miriam L\u00f3pez Blanco de para nataci\u00f3n, en la categor\u00eda de Fomento, Protecci\u00f3n o Impulso a la Pr\u00e1ctica de los Deportes el ganador fue Jos\u00e9 Salvador L\u00f3pez Rocha, fundador de la primera escuela de nataci\u00f3n para personas con discapacidad en San Luis Potos\u00ed.<\/p>\n<p style=\"text-align: justify;\">Por su parte el director del INPODE reconoci\u00f3 y felicit\u00f3 a cada uno de los galardonados al premio estatal del deporte en cada una de sus categor\u00edas.<\/p>\n","protected":false},"excerpt":{"rendered":"<p>SLP.- En ceremonia realizada en el Teatro de la paz se realizo la entrega del premio estatal del deporte en su edici\u00f3n 2025. En esta ocasi\u00f3n los galardonados fueron; Deportista Convencional Valentina Lomas D\u00edaz de la disciplina de patinaje art\u00edstico sobre ruedas, en deporte adaptado Jes\u00fas Eduardo Ponce Bueno, como mejor entrenadora Miriam L\u00f3pez Blanco de para nataci\u00f3n, en la categor\u00eda de Fomento, Protecci\u00f3n o Impulso a la Pr\u00e1ctica de los Deportes el ganador fue Jos\u00e9 Salvador L\u00f3pez Rocha, fundador de la primera escuela de nataci\u00f3n para personas con discapacidad en San Luis Potos\u00ed. Por su parte el director del [&hellip;]<\/p>\n","protected":false},"author":2,"featured_media":185642,"comment_status":"closed","ping_status":"closed","sticky":false,"template":"","format":"video","meta":{"_monsterinsights_skip_tracking":false,"_monsterinsights_sitenote_active":false,"_monsterinsights_sitenote_note":"","_monsterinsights_sitenote_category":0,"footnotes":""},"categories":[7,5],"tags":[],"class_list":["post-185640","post","type-post","status-publish","format-video","has-post-thumbnail","hentry","category-deportes","category-destacadas","post_format-post-format-video","post--single"],"_links":{"self":[{"href":"https:\/\/canal7slp.tv\/2026\/wp-json\/wp\/v2\/posts\/185640","targetHints":{"allow":["GET"]}}],"collection":[{"href":"https:\/\/canal7slp.tv\/2026\/wp-json\/wp\/v2\/posts"}],"about":[{"href":"https:\/\/canal7slp.tv\/2026\/wp-json\/wp\/v2\/types\/post"}],"author":[{"embeddable":true,"href":"https:\/\/canal7slp.tv\/2026\/wp-json\/wp\/v2\/users\/2"}],"replies":[{"embeddable":true,"href":"https:\/\/canal7slp.tv\/2026\/wp-json\/wp\/v2\/comments?post=185640"}],"version-history":[{"count":2,"href":"https:\/\/canal7slp.tv\/2026\/wp-json\/wp\/v2\/posts\/185640\/revisions"}],"predecessor-version":[{"id":185646,"href":"https:\/\/canal7slp.tv\/2026\/wp-json\/wp\/v2\/posts\/185640\/revisions\/185646"}],"wp:featuredmedia":[{"embeddable":true,"href":"https:\/\/canal7slp.tv\/2026\/wp-json\/wp\/v2\/media\/185642"}],"wp:attachment":[{"href":"https:\/\/canal7slp.tv\/2026\/wp-json\/wp\/v2\/media?parent=185640"}],"wp:term":[{"taxonomy":"category","embeddable":true,"href":"https:\/\/canal7slp.tv\/2026\/wp-json\/wp\/v2\/categories?post=185640"},{"taxonomy":"post_tag","embeddable":true,"href":"https:\/\/canal7slp.tv\/2026\/wp-json\/wp\/v2\/tags?post=185640"}],"curies":[{"name":"wp","href":"https:\/\/api.w.org\/{rel}","templated":true}]}}