{"id":185618,"date":"2025-11-20T13:45:32","date_gmt":"2025-11-20T19:45:32","guid":{"rendered":"https:\/\/canal7slp.tv\/2026\/?p=185618"},"modified":"2025-11-20T13:45:32","modified_gmt":"2025-11-20T19:45:32","slug":"advierten-crisis-de-vivienda-en-mexico-con-costos-mas-altos-y-desplome-en-proyectos-de-interes-social","status":"publish","type":"post","link":"https:\/\/canal7slp.tv\/2026\/advierten-crisis-de-vivienda-en-mexico-con-costos-mas-altos-y-desplome-en-proyectos-de-interes-social\/","title":{"rendered":"Advierten crisis de vivienda en M\u00e9xico, con costos m\u00e1s altos y desplome en proyectos de inter\u00e9s social"},"content":{"rendered":"<p style=\"text-align: justify;\"><span style=\"font-size: 1.21429rem;\">SLP.- Profundiza crisis de acceso a vivienda en M\u00e9xico.<\/span><\/p>\n<p style=\"text-align: justify;\">Ello, al grado de convertirse en \u201cc\u00edrculo\u201d que impide a la poblaci\u00f3n aspirar a contar con un patrimonio.<\/p>\n<p style=\"text-align: justify;\">Desde la Asociaci\u00f3n Mexicana de Profesionales Inmobiliarios (AMPI) se cuenta con un an\u00e1lisis respecto la crisis de acceso y elegibilidad.<\/p>\n<p style=\"text-align: justify;\">Fue expuesto que en los \u00faltimos 15 a\u00f1os, el valor de la vivienda pr\u00e1cticamente ha triplicado.<\/p>\n<p style=\"text-align: justify;\">El incremento acumulado abarca 184.7% a nivel nacional -en el lapso de 2010 a 2025-.<\/p>\n<p style=\"text-align: justify;\">Actualmente el precio promedio nacional se ubica en 1.86 millones de pesos -mientras el salario real de los mexicanos apenas permite comprar una casa cercana a 300 mil pesos-.<\/p>\n<p style=\"text-align: justify;\">El presidente nacional de AMPI, Karim Antonio Oviedo Ram\u00edrez advirti\u00f3 que no se trata de una burbuja especulativa.<\/p>\n<p style=\"text-align: justify;\">Relat\u00f3 c\u00f3mo la elegibilidad de un cr\u00e9dito hipotecario se ha convertido en obst\u00e1culo&#8230; al considerarse el nivel de ingreso de las personas.<\/p>\n<p style=\"text-align: justify;\">Adicionalmente debe considerarse que 54% de la poblaci\u00f3n ocupada, se desenvuelve en la informalidad.<\/p>\n<p style=\"text-align: justify;\">Ello limita el acceso a esquemas de financiamiento.<\/p>\n<p style=\"text-align: justify;\">A esto se suma retroceso en el desarrollo habitacional. De acuerdo con el sector, la construcci\u00f3n de viviendas de inter\u00e9s social tuvo un desplome de 77.2% -en el per\u00edodo de 2016 a 2024-.<\/p>\n<p>Por: Edgardo Barrera<\/p>\n","protected":false},"excerpt":{"rendered":"<p>SLP.- Profundiza crisis de acceso a vivienda en M\u00e9xico. Ello, al grado de convertirse en \u201cc\u00edrculo\u201d que impide a la poblaci\u00f3n aspirar a contar con un patrimonio. Desde la Asociaci\u00f3n Mexicana de Profesionales Inmobiliarios (AMPI) se cuenta con un an\u00e1lisis respecto la crisis de acceso y elegibilidad. Fue expuesto que en los \u00faltimos 15 a\u00f1os, el valor de la vivienda pr\u00e1cticamente ha triplicado. El incremento acumulado abarca 184.7% a nivel nacional -en el lapso de 2010 a 2025-. Actualmente el precio promedio nacional se ubica en 1.86 millones de pesos -mientras el salario real de los mexicanos apenas permite comprar [&hellip;]<\/p>\n","protected":false},"author":2,"featured_media":185620,"comment_status":"closed","ping_status":"closed","sticky":false,"template":"","format":"video","meta":{"_monsterinsights_skip_tracking":false,"_monsterinsights_sitenote_active":false,"_monsterinsights_sitenote_note":"","_monsterinsights_sitenote_category":0,"footnotes":""},"categories":[5,40,45],"tags":[],"class_list":["post-185618","post","type-post","status-publish","format-video","has-post-thumbnail","hentry","category-destacadas","category-economia","category-localesyregionales","post_format-post-format-video","post--single"],"_links":{"self":[{"href":"https:\/\/canal7slp.tv\/2026\/wp-json\/wp\/v2\/posts\/185618","targetHints":{"allow":["GET"]}}],"collection":[{"href":"https:\/\/canal7slp.tv\/2026\/wp-json\/wp\/v2\/posts"}],"about":[{"href":"https:\/\/canal7slp.tv\/2026\/wp-json\/wp\/v2\/types\/post"}],"author":[{"embeddable":true,"href":"https:\/\/canal7slp.tv\/2026\/wp-json\/wp\/v2\/users\/2"}],"replies":[{"embeddable":true,"href":"https:\/\/canal7slp.tv\/2026\/wp-json\/wp\/v2\/comments?post=185618"}],"version-history":[{"count":1,"href":"https:\/\/canal7slp.tv\/2026\/wp-json\/wp\/v2\/posts\/185618\/revisions"}],"predecessor-version":[{"id":185621,"href":"https:\/\/canal7slp.tv\/2026\/wp-json\/wp\/v2\/posts\/185618\/revisions\/185621"}],"wp:featuredmedia":[{"embeddable":true,"href":"https:\/\/canal7slp.tv\/2026\/wp-json\/wp\/v2\/media\/185620"}],"wp:attachment":[{"href":"https:\/\/canal7slp.tv\/2026\/wp-json\/wp\/v2\/media?parent=185618"}],"wp:term":[{"taxonomy":"category","embeddable":true,"href":"https:\/\/canal7slp.tv\/2026\/wp-json\/wp\/v2\/categories?post=185618"},{"taxonomy":"post_tag","embeddable":true,"href":"https:\/\/canal7slp.tv\/2026\/wp-json\/wp\/v2\/tags?post=185618"}],"curies":[{"name":"wp","href":"https:\/\/api.w.org\/{rel}","templated":true}]}}