{"id":185578,"date":"2025-11-19T19:19:37","date_gmt":"2025-11-20T01:19:37","guid":{"rendered":"https:\/\/canal7slp.tv\/2026\/?p=185578"},"modified":"2025-12-10T08:48:51","modified_gmt":"2025-12-10T14:48:51","slug":"legitima-la-marcha-de-la-generacion-z-opino-el-vocero-de-la-arquidiocesis-de-san-luis","status":"publish","type":"post","link":"https:\/\/canal7slp.tv\/2026\/legitima-la-marcha-de-la-generacion-z-opino-el-vocero-de-la-arquidiocesis-de-san-luis\/","title":{"rendered":"Leg\u00edtima la marcha de la Generaci\u00f3n Z opin\u00f3 el vocero de la Arquidi\u00f3cesis de San Luis"},"content":{"rendered":"<p style=\"text-align: justify;\"><span style=\"font-size: 1.21429rem;\">SLP.- Al lamentar las descalificaciones que se hicieron desde la presidencia de la rep\u00fablica el vocero de la Arquidi\u00f3cesis de San Luis Potos\u00ed, Tom\u00e1s Cruz Perales, calific\u00f3 de leg\u00edtima la marcha de la llamada Generaci\u00f3n Z, del pasado s\u00e1bado 15 de Noviembre.<\/span><\/p>\n<p style=\"text-align: justify;\">Opin\u00f3 que era previsible que se dieran los hechos violentos como los sucedidos en el Z\u00f3calo de la Ciudad de M\u00e9xico porque se infiltraron grupos como el llamado Bloque Negro, al decir que pese a ello fue una movilizaci\u00f3n aut\u00e9nticamente ciudadana.<\/p>\n<p style=\"text-align: justify;\">En otro orden de ideas el sacerdote se refiri\u00f3 a la iniciativa ya aprobada del diputado local H\u00e9ctor Serrano quien propuso penalizar el uso de la Inteligencia Artificial, y que algunos han se\u00f1alado que lo que busca es evitar la cr\u00edtica hacia los servidores p\u00fablicos.<\/p>\n<p style=\"text-align: justify;\">Esto fue lo que opin\u00f3 el vocero de la Arquidi\u00f3cesis Potosina.<\/p>\n<p style=\"text-align: justify;\">Por: Claudio Ibarra<\/p>\n","protected":false},"excerpt":{"rendered":"<p>SLP.- Al lamentar las descalificaciones que se hicieron desde la presidencia de la rep\u00fablica el vocero de la Arquidi\u00f3cesis de San Luis Potos\u00ed, Tom\u00e1s Cruz Perales, calific\u00f3 de leg\u00edtima la marcha de la llamada Generaci\u00f3n Z, del pasado s\u00e1bado 15 de Noviembre. Opin\u00f3 que era previsible que se dieran los hechos violentos como los sucedidos en el Z\u00f3calo de la Ciudad de M\u00e9xico porque se infiltraron grupos como el llamado Bloque Negro, al decir que pese a ello fue una movilizaci\u00f3n aut\u00e9nticamente ciudadana. En otro orden de ideas el sacerdote se refiri\u00f3 a la iniciativa ya aprobada del diputado local [&hellip;]<\/p>\n","protected":false},"author":2,"featured_media":185600,"comment_status":"closed","ping_status":"closed","sticky":false,"template":"","format":"video","meta":{"_monsterinsights_skip_tracking":false,"_monsterinsights_sitenote_active":false,"_monsterinsights_sitenote_note":"","_monsterinsights_sitenote_category":0,"footnotes":""},"categories":[5,519,45],"tags":[],"class_list":["post-185578","post","type-post","status-publish","format-video","has-post-thumbnail","hentry","category-destacadas","category-iglesia","category-localesyregionales","post_format-post-format-video","post--single"],"_links":{"self":[{"href":"https:\/\/canal7slp.tv\/2026\/wp-json\/wp\/v2\/posts\/185578","targetHints":{"allow":["GET"]}}],"collection":[{"href":"https:\/\/canal7slp.tv\/2026\/wp-json\/wp\/v2\/posts"}],"about":[{"href":"https:\/\/canal7slp.tv\/2026\/wp-json\/wp\/v2\/types\/post"}],"author":[{"embeddable":true,"href":"https:\/\/canal7slp.tv\/2026\/wp-json\/wp\/v2\/users\/2"}],"replies":[{"embeddable":true,"href":"https:\/\/canal7slp.tv\/2026\/wp-json\/wp\/v2\/comments?post=185578"}],"version-history":[{"count":2,"href":"https:\/\/canal7slp.tv\/2026\/wp-json\/wp\/v2\/posts\/185578\/revisions"}],"predecessor-version":[{"id":185601,"href":"https:\/\/canal7slp.tv\/2026\/wp-json\/wp\/v2\/posts\/185578\/revisions\/185601"}],"wp:featuredmedia":[{"embeddable":true,"href":"https:\/\/canal7slp.tv\/2026\/wp-json\/wp\/v2\/media\/185600"}],"wp:attachment":[{"href":"https:\/\/canal7slp.tv\/2026\/wp-json\/wp\/v2\/media?parent=185578"}],"wp:term":[{"taxonomy":"category","embeddable":true,"href":"https:\/\/canal7slp.tv\/2026\/wp-json\/wp\/v2\/categories?post=185578"},{"taxonomy":"post_tag","embeddable":true,"href":"https:\/\/canal7slp.tv\/2026\/wp-json\/wp\/v2\/tags?post=185578"}],"curies":[{"name":"wp","href":"https:\/\/api.w.org\/{rel}","templated":true}]}}