{"id":185571,"date":"2025-11-19T17:40:42","date_gmt":"2025-11-19T23:40:42","guid":{"rendered":"https:\/\/canal7slp.tv\/2026\/?p=185571"},"modified":"2025-11-19T17:40:42","modified_gmt":"2025-11-19T23:40:42","slug":"plaza-de-armas-desbordada-de-informales-carta-de-presentacion-de-slp","status":"publish","type":"post","link":"https:\/\/canal7slp.tv\/2026\/plaza-de-armas-desbordada-de-informales-carta-de-presentacion-de-slp\/","title":{"rendered":"Plaza de Armas, desbordada de informales; carta de presentaci\u00f3n de SLP"},"content":{"rendered":"<p style=\"text-align: justify;\">SLP.- P\u00e9sima imagen generan las manifestaciones que se han parapetado en la Plaza de Armas de la ciudad de San Luis Potos\u00ed asever\u00f3 la presidenta de Nuestro Centro, M\u00f3nica Heredia Sainz.<\/p>\n<p style=\"text-align: justify;\">\u201cHay muchas manifestaciones, la verdad es que ya no debe de ser tolerado esto o sea (\u2026) ya deber\u00eda dentro del mismo reglamento de los espacios p\u00fablicos de no permitirse este tipo de cuestiones porque las largan m\u00e1s\u201d.<\/p>\n<p style=\"text-align: justify;\">La imagen de la ciudad es el primer inconveniente.<\/p>\n<p style=\"text-align: justify;\">\u201cEs nuestra carta de presentaci\u00f3n, la Plaza de Armas es la carta de presentaci\u00f3n de la capital y pues si el tener la vista distorsionada tanto de Catedral, Palacio Municipal, Palacio de Gobierno con todo este tipo de negocios m\u00e1s aparte la contaminaci\u00f3n, no nada m\u00e1s visual sino auditiva que ellos mismos generan est\u00e1n s\u00faper, s\u00faper, s\u00faper mal\u201d.<\/p>\n<p style=\"text-align: justify;\">El colocar puestos informales con venta varia dentro de las manifestaciones genera que se convierta en negocio m\u00e1s que en expresi\u00f3n de inconformidad.<\/p>\n<p style=\"text-align: justify;\">\u201cDe ser una manifestaci\u00f3n en donde ellos pudieran ejercer una presi\u00f3n con pancartas a lo mejor con sonido, no s\u00e9, a hacerlo en ventas pues ya caen en otro tipo de situaci\u00f3n\u201d.<\/p>\n<p style=\"text-align: justify;\">Las ventas de comerciante establecidos que pagan impuestos se ven reducidas.<\/p>\n<p style=\"text-align: justify;\">\u201cS\u00ed est\u00e1n afectando aunque muchos de los art\u00edculos que aqu\u00ed se ofertan no son los mismos a los que est\u00e1n en los comercios establecidos\u201d.<\/p>\n<p style=\"text-align: justify;\">Asever\u00f3 que esperan que para el mes de diciembre la Plaza de Armas pueda quedar totalmente libre y recibir as\u00ed al turismo.<\/p>\n<p style=\"text-align: justify;\">Por: Juan Carlos Contreras<\/p>\n","protected":false},"excerpt":{"rendered":"<p>SLP.- P\u00e9sima imagen generan las manifestaciones que se han parapetado en la Plaza de Armas de la ciudad de San Luis Potos\u00ed asever\u00f3 la presidenta de Nuestro Centro, M\u00f3nica Heredia Sainz. \u201cHay muchas manifestaciones, la verdad es que ya no debe de ser tolerado esto o sea (\u2026) ya deber\u00eda dentro del mismo reglamento de los espacios p\u00fablicos de no permitirse este tipo de cuestiones porque las largan m\u00e1s\u201d. La imagen de la ciudad es el primer inconveniente. \u201cEs nuestra carta de presentaci\u00f3n, la Plaza de Armas es la carta de presentaci\u00f3n de la capital y pues si el tener [&hellip;]<\/p>\n","protected":false},"author":2,"featured_media":185583,"comment_status":"closed","ping_status":"closed","sticky":false,"template":"","format":"video","meta":{"_monsterinsights_skip_tracking":false,"_monsterinsights_sitenote_active":false,"_monsterinsights_sitenote_note":"","_monsterinsights_sitenote_category":0,"footnotes":""},"categories":[5,45],"tags":[],"class_list":["post-185571","post","type-post","status-publish","format-video","has-post-thumbnail","hentry","category-destacadas","category-localesyregionales","post_format-post-format-video","post--single"],"_links":{"self":[{"href":"https:\/\/canal7slp.tv\/2026\/wp-json\/wp\/v2\/posts\/185571","targetHints":{"allow":["GET"]}}],"collection":[{"href":"https:\/\/canal7slp.tv\/2026\/wp-json\/wp\/v2\/posts"}],"about":[{"href":"https:\/\/canal7slp.tv\/2026\/wp-json\/wp\/v2\/types\/post"}],"author":[{"embeddable":true,"href":"https:\/\/canal7slp.tv\/2026\/wp-json\/wp\/v2\/users\/2"}],"replies":[{"embeddable":true,"href":"https:\/\/canal7slp.tv\/2026\/wp-json\/wp\/v2\/comments?post=185571"}],"version-history":[{"count":2,"href":"https:\/\/canal7slp.tv\/2026\/wp-json\/wp\/v2\/posts\/185571\/revisions"}],"predecessor-version":[{"id":185584,"href":"https:\/\/canal7slp.tv\/2026\/wp-json\/wp\/v2\/posts\/185571\/revisions\/185584"}],"wp:featuredmedia":[{"embeddable":true,"href":"https:\/\/canal7slp.tv\/2026\/wp-json\/wp\/v2\/media\/185583"}],"wp:attachment":[{"href":"https:\/\/canal7slp.tv\/2026\/wp-json\/wp\/v2\/media?parent=185571"}],"wp:term":[{"taxonomy":"category","embeddable":true,"href":"https:\/\/canal7slp.tv\/2026\/wp-json\/wp\/v2\/categories?post=185571"},{"taxonomy":"post_tag","embeddable":true,"href":"https:\/\/canal7slp.tv\/2026\/wp-json\/wp\/v2\/tags?post=185571"}],"curies":[{"name":"wp","href":"https:\/\/api.w.org\/{rel}","templated":true}]}}