{"id":185535,"date":"2025-11-19T15:58:11","date_gmt":"2025-11-19T21:58:11","guid":{"rendered":"https:\/\/canal7slp.tv\/2026\/?p=185535"},"modified":"2025-11-19T15:58:11","modified_gmt":"2025-11-19T21:58:11","slug":"modifican-ruta-del-desfile-del-20-de-noviembre-ante-convocatoria-de-manifestacion","status":"publish","type":"post","link":"https:\/\/canal7slp.tv\/2026\/modifican-ruta-del-desfile-del-20-de-noviembre-ante-convocatoria-de-manifestacion\/","title":{"rendered":"Modifican ruta del desfile del 20 de Noviembre ante convocatoria de manifestaci\u00f3n"},"content":{"rendered":"<p style=\"text-align: justify;\">M\u00e9xico.- La Secretar\u00eda de la Defensa Nacional (Defensa) realiz\u00f3 una modificaci\u00f3n en el recorrido del desfile c\u00edvico-militar conmemorativo del 20 de noviembre.<\/p>\n<p style=\"text-align: justify;\">El trayecto tradicional, que part\u00eda del Z\u00f3calo capitalino y conclu\u00eda en el Campo Militar Marte, fue ajustado.<\/p>\n<p style=\"text-align: justify;\">De acuerdo con informaci\u00f3n difundida en las cuentas oficiales de la dependencia, el nuevo itinerario se desarrollar\u00e1 desde el Z\u00f3calo hasta el Monumento a la Revoluci\u00f3n, lo que representa un recorrido de menos de tres kil\u00f3metros.<\/p>\n<p style=\"text-align: justify;\">El anuncio de la modificaci\u00f3n en la ruta se produjo despu\u00e9s de que se diera a conocer una convocatoria para una manifestaci\u00f3n por parte de un colectivo autodenominado \u00abGeneraci\u00f3n Z\u00bb, programada para el mismo d\u00eda y hora en la Ciudad de M\u00e9xico.<\/p>\n<p style=\"text-align: justify;\">En relaci\u00f3n con el evento, la Jefa de Gobierno de la Ciudad de M\u00e9xico, Claudia Sheinbaum, mencion\u00f3 en conferencia de prensa que se observar\u00e1 el desarrollo de los acontecimientos en los pr\u00f3ximos d\u00edas, a\u00f1adiendo que no se caer\u00e1 en provocaciones.<\/p>\n<p style=\"text-align: justify;\">Cabe recordar que una movilizaci\u00f3n previa de este colectivo, el pasado s\u00e1bado 15 de noviembre, result\u00f3 en enfrentamientos que dejaron personas lesionadas y detenidas.<\/p>\n<p style=\"text-align: justify;\">Por su parte, la agrupaci\u00f3n Somos M\u00e9xico, que particip\u00f3 en la marcha del s\u00e1bado y busca constituirse como partido pol\u00edtico, se pronunci\u00f3 sobre la nueva convocatoria.<\/p>\n<p style=\"text-align: justify;\">Mediante un comunicado, hizo un llamado a actuar con prudencia y a evitar la involucraci\u00f3n del Ej\u00e9rcito mexicano en las protestas.<\/p>\n","protected":false},"excerpt":{"rendered":"<p>M\u00e9xico.- La Secretar\u00eda de la Defensa Nacional (Defensa) realiz\u00f3 una modificaci\u00f3n en el recorrido del desfile c\u00edvico-militar conmemorativo del 20 de noviembre. El trayecto tradicional, que part\u00eda del Z\u00f3calo capitalino y conclu\u00eda en el Campo Militar Marte, fue ajustado. De acuerdo con informaci\u00f3n difundida en las cuentas oficiales de la dependencia, el nuevo itinerario se desarrollar\u00e1 desde el Z\u00f3calo hasta el Monumento a la Revoluci\u00f3n, lo que representa un recorrido de menos de tres kil\u00f3metros. El anuncio de la modificaci\u00f3n en la ruta se produjo despu\u00e9s de que se diera a conocer una convocatoria para una manifestaci\u00f3n por parte de [&hellip;]<\/p>\n","protected":false},"author":2,"featured_media":185536,"comment_status":"closed","ping_status":"closed","sticky":false,"template":"","format":"standard","meta":{"_monsterinsights_skip_tracking":false,"_monsterinsights_sitenote_active":false,"_monsterinsights_sitenote_note":"","_monsterinsights_sitenote_category":0,"footnotes":""},"categories":[46],"tags":[],"class_list":["post-185535","post","type-post","status-publish","format-standard","has-post-thumbnail","hentry","category-nacional","post--single"],"_links":{"self":[{"href":"https:\/\/canal7slp.tv\/2026\/wp-json\/wp\/v2\/posts\/185535","targetHints":{"allow":["GET"]}}],"collection":[{"href":"https:\/\/canal7slp.tv\/2026\/wp-json\/wp\/v2\/posts"}],"about":[{"href":"https:\/\/canal7slp.tv\/2026\/wp-json\/wp\/v2\/types\/post"}],"author":[{"embeddable":true,"href":"https:\/\/canal7slp.tv\/2026\/wp-json\/wp\/v2\/users\/2"}],"replies":[{"embeddable":true,"href":"https:\/\/canal7slp.tv\/2026\/wp-json\/wp\/v2\/comments?post=185535"}],"version-history":[{"count":1,"href":"https:\/\/canal7slp.tv\/2026\/wp-json\/wp\/v2\/posts\/185535\/revisions"}],"predecessor-version":[{"id":185537,"href":"https:\/\/canal7slp.tv\/2026\/wp-json\/wp\/v2\/posts\/185535\/revisions\/185537"}],"wp:featuredmedia":[{"embeddable":true,"href":"https:\/\/canal7slp.tv\/2026\/wp-json\/wp\/v2\/media\/185536"}],"wp:attachment":[{"href":"https:\/\/canal7slp.tv\/2026\/wp-json\/wp\/v2\/media?parent=185535"}],"wp:term":[{"taxonomy":"category","embeddable":true,"href":"https:\/\/canal7slp.tv\/2026\/wp-json\/wp\/v2\/categories?post=185535"},{"taxonomy":"post_tag","embeddable":true,"href":"https:\/\/canal7slp.tv\/2026\/wp-json\/wp\/v2\/tags?post=185535"}],"curies":[{"name":"wp","href":"https:\/\/api.w.org\/{rel}","templated":true}]}}