{"id":185529,"date":"2025-11-19T15:32:50","date_gmt":"2025-11-19T21:32:50","guid":{"rendered":"https:\/\/canal7slp.tv\/2026\/?p=185529"},"modified":"2025-11-19T15:32:50","modified_gmt":"2025-11-19T21:32:50","slug":"sinaloa-anuncia-cuatro-nuevas-rutas-aereas-desde-mazatlan-a-partir-de-diciembre","status":"publish","type":"post","link":"https:\/\/canal7slp.tv\/2026\/sinaloa-anuncia-cuatro-nuevas-rutas-aereas-desde-mazatlan-a-partir-de-diciembre\/","title":{"rendered":"Sinaloa anuncia cuatro nuevas rutas a\u00e9reas desde Mazatl\u00e1n a partir de diciembre"},"content":{"rendered":"<p style=\"text-align: justify;\">Culiac\u00e1n.- El gobierno de Sinaloa anunci\u00f3 la implementaci\u00f3n de cuatro nuevas rutas a\u00e9reas que conectar\u00e1n Mazatl\u00e1n con destinos nacionales a partir del 1 de diciembre.<\/p>\n<p style=\"text-align: justify;\">Las rutas incluyen dos vuelos directos y dos con escala:<\/p>\n<ul style=\"text-align: justify;\">\n<li>Mazatl\u00e1n-Aguascalientes (diario)<\/li>\n<li>Mazatl\u00e1n-Torre\u00f3n, Coahuila (jueves y domingo)<\/li>\n<li>Mazatl\u00e1n-Hermosillo, Sonora (con escala)<\/li>\n<li>Mazatl\u00e1n-Chihuahua (con escala)<\/li>\n<\/ul>\n<p style=\"text-align: justify;\">Adicionalmente, la aerol\u00ednea TAR incrementar\u00e1 la frecuencia en rutas existentes: Mazatl\u00e1n-La Paz pasar\u00e1 de 16 a 24 frecuencias semanales (aumento del 50%) y Mazatl\u00e1n-Quer\u00e9taro de 8 a 10 frecuencias semanales (incremento del 25%).<\/p>\n<p style=\"text-align: justify;\">La ruta Mazatl\u00e1n-Los Mochis con escala en La Paz operar\u00e1 los d\u00edas martes y s\u00e1bado.<\/p>\n<p style=\"text-align: justify;\">Autoridades estatales destacaron que estas medidas buscan fortalecer la conectividad a\u00e9rea para impulsar el desarrollo tur\u00edstico, agroindustrial y comercial.<\/p>\n<p style=\"text-align: justify;\">Con estas adiciones, TAR se convierte en el segundo operador m\u00e1s importante del aeropuerto de Mazatl\u00e1n, que actualmente cuenta con 9 rutas nacionales, 3 internacionales regulares y 10 estacionales.<\/p>\n<p style=\"text-align: justify;\">La Secretar\u00eda de Turismo estatal resalt\u00f3 que Sinaloa se convertir\u00e1 en el centro de operaciones principal de TAR a nivel nacional, con 44 operaciones semanales distribu\u00eddas entre los aeropuertos de Mazatl\u00e1n, Los Mochis y Culiac\u00e1n.<\/p>\n","protected":false},"excerpt":{"rendered":"<p>Culiac\u00e1n.- El gobierno de Sinaloa anunci\u00f3 la implementaci\u00f3n de cuatro nuevas rutas a\u00e9reas que conectar\u00e1n Mazatl\u00e1n con destinos nacionales a partir del 1 de diciembre. Las rutas incluyen dos vuelos directos y dos con escala: Mazatl\u00e1n-Aguascalientes (diario) Mazatl\u00e1n-Torre\u00f3n, Coahuila (jueves y domingo) Mazatl\u00e1n-Hermosillo, Sonora (con escala) Mazatl\u00e1n-Chihuahua (con escala) Adicionalmente, la aerol\u00ednea TAR incrementar\u00e1 la frecuencia en rutas existentes: Mazatl\u00e1n-La Paz pasar\u00e1 de 16 a 24 frecuencias semanales (aumento del 50%) y Mazatl\u00e1n-Quer\u00e9taro de 8 a 10 frecuencias semanales (incremento del 25%). La ruta Mazatl\u00e1n-Los Mochis con escala en La Paz operar\u00e1 los d\u00edas martes y s\u00e1bado. Autoridades estatales destacaron [&hellip;]<\/p>\n","protected":false},"author":2,"featured_media":185530,"comment_status":"closed","ping_status":"closed","sticky":false,"template":"","format":"standard","meta":{"_monsterinsights_skip_tracking":false,"_monsterinsights_sitenote_active":false,"_monsterinsights_sitenote_note":"","_monsterinsights_sitenote_category":0,"footnotes":""},"categories":[46],"tags":[],"class_list":["post-185529","post","type-post","status-publish","format-standard","has-post-thumbnail","hentry","category-nacional","post--single"],"_links":{"self":[{"href":"https:\/\/canal7slp.tv\/2026\/wp-json\/wp\/v2\/posts\/185529","targetHints":{"allow":["GET"]}}],"collection":[{"href":"https:\/\/canal7slp.tv\/2026\/wp-json\/wp\/v2\/posts"}],"about":[{"href":"https:\/\/canal7slp.tv\/2026\/wp-json\/wp\/v2\/types\/post"}],"author":[{"embeddable":true,"href":"https:\/\/canal7slp.tv\/2026\/wp-json\/wp\/v2\/users\/2"}],"replies":[{"embeddable":true,"href":"https:\/\/canal7slp.tv\/2026\/wp-json\/wp\/v2\/comments?post=185529"}],"version-history":[{"count":1,"href":"https:\/\/canal7slp.tv\/2026\/wp-json\/wp\/v2\/posts\/185529\/revisions"}],"predecessor-version":[{"id":185531,"href":"https:\/\/canal7slp.tv\/2026\/wp-json\/wp\/v2\/posts\/185529\/revisions\/185531"}],"wp:featuredmedia":[{"embeddable":true,"href":"https:\/\/canal7slp.tv\/2026\/wp-json\/wp\/v2\/media\/185530"}],"wp:attachment":[{"href":"https:\/\/canal7slp.tv\/2026\/wp-json\/wp\/v2\/media?parent=185529"}],"wp:term":[{"taxonomy":"category","embeddable":true,"href":"https:\/\/canal7slp.tv\/2026\/wp-json\/wp\/v2\/categories?post=185529"},{"taxonomy":"post_tag","embeddable":true,"href":"https:\/\/canal7slp.tv\/2026\/wp-json\/wp\/v2\/tags?post=185529"}],"curies":[{"name":"wp","href":"https:\/\/api.w.org\/{rel}","templated":true}]}}