{"id":185438,"date":"2025-11-18T19:06:41","date_gmt":"2025-11-19T01:06:41","guid":{"rendered":"https:\/\/canal7slp.tv\/2026\/?p=185438"},"modified":"2025-11-18T19:06:41","modified_gmt":"2025-11-19T01:06:41","slug":"condena-el-pri-uso-de-violencia-en-la-marcha-del-15-de-noviembre","status":"publish","type":"post","link":"https:\/\/canal7slp.tv\/2026\/condena-el-pri-uso-de-violencia-en-la-marcha-del-15-de-noviembre\/","title":{"rendered":"Condena el PRI uso de violencia en la marcha del 15 de noviembre"},"content":{"rendered":"<p style=\"text-align: justify;\"><span style=\"font-size: 1.21429rem;\">SLP.- Al dar un posicionamiento del Comit\u00e9 Directivo Estatal del PRI sobre la marcha de la Generaci\u00f3n Z del pasado s\u00e1bado 15 de Noviembre, el presidente de la Fundaci\u00f3n Colosio Cap\u00edtulo San Luis, Adolfo Micalco M\u00e9ndez, conden\u00f3 el uso de la violencia como respuesta del gobierno federal para reprimir, dijo, a quienes se manifestaban de manera pac\u00edfica exigiendo sus derechos.<\/span><\/p>\n<p style=\"text-align: justify;\">Reprob\u00f3 que desde la presidencia de la rep\u00fablica se intentara desacreditar las movilizaciones a nivel nacional acusando supuestas manipulaciones externas.<\/p>\n<p style=\"text-align: justify;\">El presidente de la Fundaci\u00f3n Colosio afirm\u00f3 que por lo que respecta a San Luis en el estado esta marcha se desarroll\u00f3 sin incidentes y en donde miles de j\u00f3venes, dijo, se manifestaron de manera pac\u00edfica.<\/p>\n<p style=\"text-align: justify;\">Afirm\u00f3 que en una democracia el derecho a la manifestaci\u00f3n es esencial y que la reacci\u00f3n del gobierno representa un retroceso en materia de libertades.<\/p>\n<p style=\"text-align: justify;\">Por: Claudio Ibarra<\/p>\n","protected":false},"excerpt":{"rendered":"<p>SLP.- Al dar un posicionamiento del Comit\u00e9 Directivo Estatal del PRI sobre la marcha de la Generaci\u00f3n Z del pasado s\u00e1bado 15 de Noviembre, el presidente de la Fundaci\u00f3n Colosio Cap\u00edtulo San Luis, Adolfo Micalco M\u00e9ndez, conden\u00f3 el uso de la violencia como respuesta del gobierno federal para reprimir, dijo, a quienes se manifestaban de manera pac\u00edfica exigiendo sus derechos. Reprob\u00f3 que desde la presidencia de la rep\u00fablica se intentara desacreditar las movilizaciones a nivel nacional acusando supuestas manipulaciones externas. El presidente de la Fundaci\u00f3n Colosio afirm\u00f3 que por lo que respecta a San Luis en el estado esta marcha [&hellip;]<\/p>\n","protected":false},"author":2,"featured_media":185463,"comment_status":"closed","ping_status":"closed","sticky":false,"template":"","format":"video","meta":{"_monsterinsights_skip_tracking":false,"_monsterinsights_sitenote_active":false,"_monsterinsights_sitenote_note":"","_monsterinsights_sitenote_category":0,"footnotes":""},"categories":[5,45],"tags":[],"class_list":["post-185438","post","type-post","status-publish","format-video","has-post-thumbnail","hentry","category-destacadas","category-localesyregionales","post_format-post-format-video","post--single"],"_links":{"self":[{"href":"https:\/\/canal7slp.tv\/2026\/wp-json\/wp\/v2\/posts\/185438","targetHints":{"allow":["GET"]}}],"collection":[{"href":"https:\/\/canal7slp.tv\/2026\/wp-json\/wp\/v2\/posts"}],"about":[{"href":"https:\/\/canal7slp.tv\/2026\/wp-json\/wp\/v2\/types\/post"}],"author":[{"embeddable":true,"href":"https:\/\/canal7slp.tv\/2026\/wp-json\/wp\/v2\/users\/2"}],"replies":[{"embeddable":true,"href":"https:\/\/canal7slp.tv\/2026\/wp-json\/wp\/v2\/comments?post=185438"}],"version-history":[{"count":2,"href":"https:\/\/canal7slp.tv\/2026\/wp-json\/wp\/v2\/posts\/185438\/revisions"}],"predecessor-version":[{"id":185464,"href":"https:\/\/canal7slp.tv\/2026\/wp-json\/wp\/v2\/posts\/185438\/revisions\/185464"}],"wp:featuredmedia":[{"embeddable":true,"href":"https:\/\/canal7slp.tv\/2026\/wp-json\/wp\/v2\/media\/185463"}],"wp:attachment":[{"href":"https:\/\/canal7slp.tv\/2026\/wp-json\/wp\/v2\/media?parent=185438"}],"wp:term":[{"taxonomy":"category","embeddable":true,"href":"https:\/\/canal7slp.tv\/2026\/wp-json\/wp\/v2\/categories?post=185438"},{"taxonomy":"post_tag","embeddable":true,"href":"https:\/\/canal7slp.tv\/2026\/wp-json\/wp\/v2\/tags?post=185438"}],"curies":[{"name":"wp","href":"https:\/\/api.w.org\/{rel}","templated":true}]}}