{"id":185437,"date":"2025-11-18T19:02:22","date_gmt":"2025-11-19T01:02:22","guid":{"rendered":"https:\/\/canal7slp.tv\/2026\/?p=185437"},"modified":"2025-11-18T19:02:22","modified_gmt":"2025-11-19T01:02:22","slug":"organizacion-ve-riesgosa-una-segunda-marcha-de-la-generacion-z","status":"publish","type":"post","link":"https:\/\/canal7slp.tv\/2026\/organizacion-ve-riesgosa-una-segunda-marcha-de-la-generacion-z\/","title":{"rendered":"Organizaci\u00f3n ve riesgosa una segunda marcha de la Generaci\u00f3n Z"},"content":{"rendered":"<p style=\"text-align: justify;\"><span style=\"font-size: 1.21429rem;\">SLP.- Al afirmar que el gobierno de Claudia Sheinbaum intent\u00f3 denostar la marcha de la Generaci\u00f3n Z del pasado s\u00e1bado 15 de Noviembre, el expresidente de la organizaci\u00f3n \u201cPotosinos Con Valor\u201d, Alberto Narv\u00e1ez Arochi, dijo sin embargo que fue una movilizaci\u00f3n en la que participaron miles de j\u00f3venes de manera activa y pac\u00edfica.<\/span><\/p>\n<p style=\"text-align: justify;\">En este contexto, el empresario afirm\u00f3 que los j\u00f3venes y todas las organizaciones civiles seguir\u00e1n manifestando de manera pac\u00edfica, su derecho a la justicia, seguridad, salud y educaci\u00f3n al decir que la libre manifestaci\u00f3n, es un derecho que consagra la Constituci\u00f3n.<\/p>\n<p style=\"text-align: justify;\">Respecto a una eventual segunda marcha que tendr\u00eda lugar el pr\u00f3ximo jueves 20 de Noviembre, el integrante de la organizaci\u00f3n Potosinos Con Valor, opin\u00f3 que tal vez lo mejor ser\u00eda abstenerse de realizarla para evitar hechos violentos, dijo, como los sucedidos en el Z\u00f3calo de la Ciudad de M\u00e9xico.<\/p>\n<p style=\"text-align: justify;\">Por: Claudio Ibarra<\/p>\n","protected":false},"excerpt":{"rendered":"<p>SLP.- Al afirmar que el gobierno de Claudia Sheinbaum intent\u00f3 denostar la marcha de la Generaci\u00f3n Z del pasado s\u00e1bado 15 de Noviembre, el expresidente de la organizaci\u00f3n \u201cPotosinos Con Valor\u201d, Alberto Narv\u00e1ez Arochi, dijo sin embargo que fue una movilizaci\u00f3n en la que participaron miles de j\u00f3venes de manera activa y pac\u00edfica. En este contexto, el empresario afirm\u00f3 que los j\u00f3venes y todas las organizaciones civiles seguir\u00e1n manifestando de manera pac\u00edfica, su derecho a la justicia, seguridad, salud y educaci\u00f3n al decir que la libre manifestaci\u00f3n, es un derecho que consagra la Constituci\u00f3n. Respecto a una eventual segunda marcha [&hellip;]<\/p>\n","protected":false},"author":2,"featured_media":185460,"comment_status":"closed","ping_status":"closed","sticky":false,"template":"","format":"video","meta":{"_monsterinsights_skip_tracking":false,"_monsterinsights_sitenote_active":false,"_monsterinsights_sitenote_note":"","_monsterinsights_sitenote_category":0,"footnotes":""},"categories":[5,45],"tags":[],"class_list":["post-185437","post","type-post","status-publish","format-video","has-post-thumbnail","hentry","category-destacadas","category-localesyregionales","post_format-post-format-video","post--single"],"_links":{"self":[{"href":"https:\/\/canal7slp.tv\/2026\/wp-json\/wp\/v2\/posts\/185437","targetHints":{"allow":["GET"]}}],"collection":[{"href":"https:\/\/canal7slp.tv\/2026\/wp-json\/wp\/v2\/posts"}],"about":[{"href":"https:\/\/canal7slp.tv\/2026\/wp-json\/wp\/v2\/types\/post"}],"author":[{"embeddable":true,"href":"https:\/\/canal7slp.tv\/2026\/wp-json\/wp\/v2\/users\/2"}],"replies":[{"embeddable":true,"href":"https:\/\/canal7slp.tv\/2026\/wp-json\/wp\/v2\/comments?post=185437"}],"version-history":[{"count":2,"href":"https:\/\/canal7slp.tv\/2026\/wp-json\/wp\/v2\/posts\/185437\/revisions"}],"predecessor-version":[{"id":185461,"href":"https:\/\/canal7slp.tv\/2026\/wp-json\/wp\/v2\/posts\/185437\/revisions\/185461"}],"wp:featuredmedia":[{"embeddable":true,"href":"https:\/\/canal7slp.tv\/2026\/wp-json\/wp\/v2\/media\/185460"}],"wp:attachment":[{"href":"https:\/\/canal7slp.tv\/2026\/wp-json\/wp\/v2\/media?parent=185437"}],"wp:term":[{"taxonomy":"category","embeddable":true,"href":"https:\/\/canal7slp.tv\/2026\/wp-json\/wp\/v2\/categories?post=185437"},{"taxonomy":"post_tag","embeddable":true,"href":"https:\/\/canal7slp.tv\/2026\/wp-json\/wp\/v2\/tags?post=185437"}],"curies":[{"name":"wp","href":"https:\/\/api.w.org\/{rel}","templated":true}]}}