{"id":185424,"date":"2025-11-18T17:30:07","date_gmt":"2025-11-18T23:30:07","guid":{"rendered":"https:\/\/canal7slp.tv\/2026\/?p=185424"},"modified":"2025-11-18T17:30:07","modified_gmt":"2025-11-18T23:30:07","slug":"detencion-de-presunto-operador-criminal-en-oaxaca-desata-ola-de-violencia","status":"publish","type":"post","link":"https:\/\/canal7slp.tv\/2026\/detencion-de-presunto-operador-criminal-en-oaxaca-desata-ola-de-violencia\/","title":{"rendered":"Detenci\u00f3n de presunto operador criminal en Oaxaca desata ola de violencia"},"content":{"rendered":"<p style=\"text-align: justify;\">Ocotl\u00e1n de Morelos.- La detenci\u00f3n de Jos\u00e9 \u201cN\u201d, conocido como \u00abEl Contador\u00bb e identificado como presunto operador de la organizaci\u00f3n criminal \u201cLos Medina\u201d, desencaden\u00f3 una ola de violencia en Ocotl\u00e1n de Morelos, Oaxaca, que dej\u00f3 tres personas muertas.<\/p>\n<p style=\"text-align: justify;\">El arresto ocurri\u00f3 el 17 de noviembre, cuando polic\u00edas municipales de Santa Catarina Minas lo aseguraron bajo la acusaci\u00f3n de intentar subir por la fuerza a una mujer a su veh\u00edculo, adem\u00e1s de portaci\u00f3n de arma de fuego.<\/p>\n<p style=\"text-align: justify;\">Tras su captura, se registraron dos ataques armados en la zona.<\/p>\n<p style=\"text-align: justify;\">En el primero, Pedro \u201cN\u201d, se\u00f1alado como su mano derecha, y Vanessa \u201cN\u201d fueron atacados a tiros y murieron en el lugar.<\/p>\n<p style=\"text-align: justify;\">Horas m\u00e1s tarde, Alfredo \u201cN\u201d fue asesinado mientras circulaba en una motocicleta que presuntamente pertenec\u00eda a Pedro \u201cN\u201d.<\/p>\n<p style=\"text-align: justify;\">Hasta ahora, las autoridades no han informado sobre detenciones relacionadas con estos homicidios.<\/p>\n<p style=\"text-align: justify;\">Jos\u00e9 \u201cN\u201d permanece bajo proceso por portaci\u00f3n de arma e intento de secuestro.<\/p>\n","protected":false},"excerpt":{"rendered":"<p>Ocotl\u00e1n de Morelos.- La detenci\u00f3n de Jos\u00e9 \u201cN\u201d, conocido como \u00abEl Contador\u00bb e identificado como presunto operador de la organizaci\u00f3n criminal \u201cLos Medina\u201d, desencaden\u00f3 una ola de violencia en Ocotl\u00e1n de Morelos, Oaxaca, que dej\u00f3 tres personas muertas. El arresto ocurri\u00f3 el 17 de noviembre, cuando polic\u00edas municipales de Santa Catarina Minas lo aseguraron bajo la acusaci\u00f3n de intentar subir por la fuerza a una mujer a su veh\u00edculo, adem\u00e1s de portaci\u00f3n de arma de fuego. Tras su captura, se registraron dos ataques armados en la zona. En el primero, Pedro \u201cN\u201d, se\u00f1alado como su mano derecha, y Vanessa \u201cN\u201d [&hellip;]<\/p>\n","protected":false},"author":2,"featured_media":185425,"comment_status":"closed","ping_status":"closed","sticky":false,"template":"","format":"standard","meta":{"_monsterinsights_skip_tracking":false,"_monsterinsights_sitenote_active":false,"_monsterinsights_sitenote_note":"","_monsterinsights_sitenote_category":0,"footnotes":""},"categories":[46],"tags":[],"class_list":["post-185424","post","type-post","status-publish","format-standard","has-post-thumbnail","hentry","category-nacional","post--single"],"_links":{"self":[{"href":"https:\/\/canal7slp.tv\/2026\/wp-json\/wp\/v2\/posts\/185424","targetHints":{"allow":["GET"]}}],"collection":[{"href":"https:\/\/canal7slp.tv\/2026\/wp-json\/wp\/v2\/posts"}],"about":[{"href":"https:\/\/canal7slp.tv\/2026\/wp-json\/wp\/v2\/types\/post"}],"author":[{"embeddable":true,"href":"https:\/\/canal7slp.tv\/2026\/wp-json\/wp\/v2\/users\/2"}],"replies":[{"embeddable":true,"href":"https:\/\/canal7slp.tv\/2026\/wp-json\/wp\/v2\/comments?post=185424"}],"version-history":[{"count":1,"href":"https:\/\/canal7slp.tv\/2026\/wp-json\/wp\/v2\/posts\/185424\/revisions"}],"predecessor-version":[{"id":185426,"href":"https:\/\/canal7slp.tv\/2026\/wp-json\/wp\/v2\/posts\/185424\/revisions\/185426"}],"wp:featuredmedia":[{"embeddable":true,"href":"https:\/\/canal7slp.tv\/2026\/wp-json\/wp\/v2\/media\/185425"}],"wp:attachment":[{"href":"https:\/\/canal7slp.tv\/2026\/wp-json\/wp\/v2\/media?parent=185424"}],"wp:term":[{"taxonomy":"category","embeddable":true,"href":"https:\/\/canal7slp.tv\/2026\/wp-json\/wp\/v2\/categories?post=185424"},{"taxonomy":"post_tag","embeddable":true,"href":"https:\/\/canal7slp.tv\/2026\/wp-json\/wp\/v2\/tags?post=185424"}],"curies":[{"name":"wp","href":"https:\/\/api.w.org\/{rel}","templated":true}]}}