{"id":185369,"date":"2025-11-18T14:11:25","date_gmt":"2025-11-18T20:11:25","guid":{"rendered":"https:\/\/canal7slp.tv\/2026\/?p=185369"},"modified":"2025-11-18T14:11:25","modified_gmt":"2025-11-18T20:11:25","slug":"dos-mexicanos-mueren-y-siete-desaparecen-en-parque-torres-del-paine-de-chile","status":"publish","type":"post","link":"https:\/\/canal7slp.tv\/2026\/dos-mexicanos-mueren-y-siete-desaparecen-en-parque-torres-del-paine-de-chile\/","title":{"rendered":"Dos mexicanos mueren y siete desaparecen en Parque Torres del Paine de Chile"},"content":{"rendered":"<p style=\"text-align: justify;\">Regi\u00f3n de Magallanes.- Dos excursionistas mexicanos fallecieron y siete personas m\u00e1s se encuentran desaparecidas en el Parque Nacional Torres del Paine, ubicado en la regi\u00f3n de Magallanes, al sur de Chile.<\/p>\n<p style=\"text-align: justify;\">El incidente ocurri\u00f3 mientras los turistas realizaban el circuito de trekking de la \u00abO\u00bb, afectados por nevadas y fuertes vientos que se presentaron repentinamente en la zona.<\/p>\n<p style=\"text-align: justify;\">De acuerdo con la Delegaci\u00f3n Presidencial Regional, el cuerpo del hombre fue localizado sin vida el lunes dentro del parque, mientras que la mujer falleci\u00f3 este martes durante su traslado al Campamento Perros.<\/p>\n<p style=\"text-align: justify;\">Una tercera persona que acompa\u00f1aba a las v\u00edctimas sigue desaparecida.<\/p>\n<p style=\"text-align: justify;\">La Corporaci\u00f3n Nacional Forestal (CONAF), administradora del parque, cerr\u00f3 temporalmente el sector del circuito \u00abO\u00bb para facilitar las labores de b\u00fasqueda y rescate, las cuales se han visto dificultadas por las condiciones meteorol\u00f3gicas adversas.<\/p>\n<p style=\"text-align: justify;\">El parque, reconocido internacionalmente por su belleza natural, recibe anualmente a cientos de miles de visitantes.<\/p>\n","protected":false},"excerpt":{"rendered":"<p>Regi\u00f3n de Magallanes.- Dos excursionistas mexicanos fallecieron y siete personas m\u00e1s se encuentran desaparecidas en el Parque Nacional Torres del Paine, ubicado en la regi\u00f3n de Magallanes, al sur de Chile. El incidente ocurri\u00f3 mientras los turistas realizaban el circuito de trekking de la \u00abO\u00bb, afectados por nevadas y fuertes vientos que se presentaron repentinamente en la zona. De acuerdo con la Delegaci\u00f3n Presidencial Regional, el cuerpo del hombre fue localizado sin vida el lunes dentro del parque, mientras que la mujer falleci\u00f3 este martes durante su traslado al Campamento Perros. Una tercera persona que acompa\u00f1aba a las v\u00edctimas sigue [&hellip;]<\/p>\n","protected":false},"author":2,"featured_media":185370,"comment_status":"closed","ping_status":"closed","sticky":false,"template":"","format":"standard","meta":{"_monsterinsights_skip_tracking":false,"_monsterinsights_sitenote_active":false,"_monsterinsights_sitenote_note":"","_monsterinsights_sitenote_category":0,"footnotes":""},"categories":[44],"tags":[],"class_list":["post-185369","post","type-post","status-publish","format-standard","has-post-thumbnail","hentry","category-internacional","post--single"],"_links":{"self":[{"href":"https:\/\/canal7slp.tv\/2026\/wp-json\/wp\/v2\/posts\/185369","targetHints":{"allow":["GET"]}}],"collection":[{"href":"https:\/\/canal7slp.tv\/2026\/wp-json\/wp\/v2\/posts"}],"about":[{"href":"https:\/\/canal7slp.tv\/2026\/wp-json\/wp\/v2\/types\/post"}],"author":[{"embeddable":true,"href":"https:\/\/canal7slp.tv\/2026\/wp-json\/wp\/v2\/users\/2"}],"replies":[{"embeddable":true,"href":"https:\/\/canal7slp.tv\/2026\/wp-json\/wp\/v2\/comments?post=185369"}],"version-history":[{"count":1,"href":"https:\/\/canal7slp.tv\/2026\/wp-json\/wp\/v2\/posts\/185369\/revisions"}],"predecessor-version":[{"id":185371,"href":"https:\/\/canal7slp.tv\/2026\/wp-json\/wp\/v2\/posts\/185369\/revisions\/185371"}],"wp:featuredmedia":[{"embeddable":true,"href":"https:\/\/canal7slp.tv\/2026\/wp-json\/wp\/v2\/media\/185370"}],"wp:attachment":[{"href":"https:\/\/canal7slp.tv\/2026\/wp-json\/wp\/v2\/media?parent=185369"}],"wp:term":[{"taxonomy":"category","embeddable":true,"href":"https:\/\/canal7slp.tv\/2026\/wp-json\/wp\/v2\/categories?post=185369"},{"taxonomy":"post_tag","embeddable":true,"href":"https:\/\/canal7slp.tv\/2026\/wp-json\/wp\/v2\/tags?post=185369"}],"curies":[{"name":"wp","href":"https:\/\/api.w.org\/{rel}","templated":true}]}}