{"id":185366,"date":"2025-11-18T13:57:18","date_gmt":"2025-11-18T19:57:18","guid":{"rendered":"https:\/\/canal7slp.tv\/2026\/?p=185366"},"modified":"2025-11-18T13:57:18","modified_gmt":"2025-11-18T19:57:18","slug":"cem-denuncia-aumento-de-extorsiones-y-desplazamientos-forzados","status":"publish","type":"post","link":"https:\/\/canal7slp.tv\/2026\/cem-denuncia-aumento-de-extorsiones-y-desplazamientos-forzados\/","title":{"rendered":"CEM denuncia aumento de extorsiones y desplazamientos forzados"},"content":{"rendered":"<p style=\"text-align: justify;\">M\u00e9xico.- La Conferencia del Episcopado Mexicano (CEM) fij\u00f3 una postura cr\u00edtica ante la situaci\u00f3n de violencia que atraviesa el pa\u00eds y cuestion\u00f3 las declaraciones oficiales que afirman una disminuci\u00f3n en los \u00edndices delictivos.<\/p>\n<p style=\"text-align: justify;\">En un mensaje difundido tras la Asamblea CXIX, Monse\u00f1or Ram\u00f3n Castro Castro, obispo de Cuernavaca y presidente de la CEM, afirm\u00f3 que los asesinatos y desapariciones \u201ccontin\u00faan al alza\u201d y se\u00f1al\u00f3 que la impunidad sigue siendo parte habitual de la vida cotidiana.<\/p>\n<p style=\"text-align: justify;\">El prelado expuso que existe una marcada discordancia entre el discurso gubernamental y la realidad que enfrentan miles de familias, particularmente por el incremento de extorsiones, los desplazamientos forzados y la falta de oportunidades para los j\u00f3venes.<\/p>\n<p style=\"text-align: justify;\">Tambi\u00e9n record\u00f3 los recientes asesinatos de sacerdotes y agentes de pastoral.<\/p>\n<p style=\"text-align: justify;\">Castro Castro aclar\u00f3 que su mensaje no surge \u201cde odio ni resentimiento, sino por amor\u201d a la poblaci\u00f3n mexicana.<\/p>\n<p style=\"text-align: justify;\">Asegur\u00f3 que, si bien la Iglesia no posee todas las respuestas a la crisis, mantiene la disposici\u00f3n de buscar soluciones de manera conjunta y llam\u00f3 a fortalecer a las familias y a proteger a los j\u00f3venes de ideolog\u00edas que, dijo, \u201cconfunden y dividen\u201d.<\/p>\n","protected":false},"excerpt":{"rendered":"<p>M\u00e9xico.- La Conferencia del Episcopado Mexicano (CEM) fij\u00f3 una postura cr\u00edtica ante la situaci\u00f3n de violencia que atraviesa el pa\u00eds y cuestion\u00f3 las declaraciones oficiales que afirman una disminuci\u00f3n en los \u00edndices delictivos. En un mensaje difundido tras la Asamblea CXIX, Monse\u00f1or Ram\u00f3n Castro Castro, obispo de Cuernavaca y presidente de la CEM, afirm\u00f3 que los asesinatos y desapariciones \u201ccontin\u00faan al alza\u201d y se\u00f1al\u00f3 que la impunidad sigue siendo parte habitual de la vida cotidiana. El prelado expuso que existe una marcada discordancia entre el discurso gubernamental y la realidad que enfrentan miles de familias, particularmente por el incremento de [&hellip;]<\/p>\n","protected":false},"author":2,"featured_media":185367,"comment_status":"closed","ping_status":"closed","sticky":false,"template":"","format":"standard","meta":{"_monsterinsights_skip_tracking":false,"_monsterinsights_sitenote_active":false,"_monsterinsights_sitenote_note":"","_monsterinsights_sitenote_category":0,"footnotes":""},"categories":[46],"tags":[],"class_list":["post-185366","post","type-post","status-publish","format-standard","has-post-thumbnail","hentry","category-nacional","post--single"],"_links":{"self":[{"href":"https:\/\/canal7slp.tv\/2026\/wp-json\/wp\/v2\/posts\/185366","targetHints":{"allow":["GET"]}}],"collection":[{"href":"https:\/\/canal7slp.tv\/2026\/wp-json\/wp\/v2\/posts"}],"about":[{"href":"https:\/\/canal7slp.tv\/2026\/wp-json\/wp\/v2\/types\/post"}],"author":[{"embeddable":true,"href":"https:\/\/canal7slp.tv\/2026\/wp-json\/wp\/v2\/users\/2"}],"replies":[{"embeddable":true,"href":"https:\/\/canal7slp.tv\/2026\/wp-json\/wp\/v2\/comments?post=185366"}],"version-history":[{"count":1,"href":"https:\/\/canal7slp.tv\/2026\/wp-json\/wp\/v2\/posts\/185366\/revisions"}],"predecessor-version":[{"id":185368,"href":"https:\/\/canal7slp.tv\/2026\/wp-json\/wp\/v2\/posts\/185366\/revisions\/185368"}],"wp:featuredmedia":[{"embeddable":true,"href":"https:\/\/canal7slp.tv\/2026\/wp-json\/wp\/v2\/media\/185367"}],"wp:attachment":[{"href":"https:\/\/canal7slp.tv\/2026\/wp-json\/wp\/v2\/media?parent=185366"}],"wp:term":[{"taxonomy":"category","embeddable":true,"href":"https:\/\/canal7slp.tv\/2026\/wp-json\/wp\/v2\/categories?post=185366"},{"taxonomy":"post_tag","embeddable":true,"href":"https:\/\/canal7slp.tv\/2026\/wp-json\/wp\/v2\/tags?post=185366"}],"curies":[{"name":"wp","href":"https:\/\/api.w.org\/{rel}","templated":true}]}}