{"id":185278,"date":"2025-11-17T16:22:27","date_gmt":"2025-11-17T22:22:27","guid":{"rendered":"https:\/\/canal7slp.tv\/2026\/?p=185278"},"modified":"2025-11-17T16:22:27","modified_gmt":"2025-11-17T22:22:27","slug":"fiscalia-de-michoacan-remueve-a-altos-mandos-en-uruapan-tras-asesinato-de-carlos-manzo","status":"publish","type":"post","link":"https:\/\/canal7slp.tv\/2026\/fiscalia-de-michoacan-remueve-a-altos-mandos-en-uruapan-tras-asesinato-de-carlos-manzo\/","title":{"rendered":"Fiscal\u00eda de Michoac\u00e1n remueve a altos mandos en Uruapan tras asesinato de Carlos Manzo"},"content":{"rendered":"<p style=\"text-align: justify;\">Uruapan.- La Fiscal\u00eda General de Michoac\u00e1n puso en marcha una reestructuraci\u00f3n interna en la Fiscal\u00eda Regional de Uruapan como respuesta directa al asesinato del alcalde Carlos Manzo, ocurrido el pasado 1 de noviembre durante un evento p\u00fablico.<\/p>\n<p style=\"text-align: justify;\">La medida, conocida internamente como operaci\u00f3n limpieza, implic\u00f3 la remoci\u00f3n del fiscal regional y de diversos funcionarios, entre ellos peritos, agentes del Ministerio P\u00fablico, personal de investigaci\u00f3n y secretarios.<\/p>\n<p style=\"text-align: justify;\">De acuerdo con fuentes internas, la reestructuraci\u00f3n busca reforzar las capacidades operativas y de investigaci\u00f3n en uno de los puntos m\u00e1s cr\u00edticos del estado.<\/p>\n<p style=\"text-align: justify;\">Se prev\u00e9 que el fiscal general, Carlos Torres Pi\u00f1a, formalice el anuncio en las pr\u00f3ximas 48 horas, aunque todav\u00eda no hay una fecha definida para la llegada del nuevo personal.<\/p>\n","protected":false},"excerpt":{"rendered":"<p>Uruapan.- La Fiscal\u00eda General de Michoac\u00e1n puso en marcha una reestructuraci\u00f3n interna en la Fiscal\u00eda Regional de Uruapan como respuesta directa al asesinato del alcalde Carlos Manzo, ocurrido el pasado 1 de noviembre durante un evento p\u00fablico. La medida, conocida internamente como operaci\u00f3n limpieza, implic\u00f3 la remoci\u00f3n del fiscal regional y de diversos funcionarios, entre ellos peritos, agentes del Ministerio P\u00fablico, personal de investigaci\u00f3n y secretarios. De acuerdo con fuentes internas, la reestructuraci\u00f3n busca reforzar las capacidades operativas y de investigaci\u00f3n en uno de los puntos m\u00e1s cr\u00edticos del estado. Se prev\u00e9 que el fiscal general, Carlos Torres Pi\u00f1a, formalice [&hellip;]<\/p>\n","protected":false},"author":2,"featured_media":185286,"comment_status":"closed","ping_status":"closed","sticky":false,"template":"","format":"standard","meta":{"_monsterinsights_skip_tracking":false,"_monsterinsights_sitenote_active":false,"_monsterinsights_sitenote_note":"","_monsterinsights_sitenote_category":0,"footnotes":""},"categories":[46],"tags":[],"class_list":["post-185278","post","type-post","status-publish","format-standard","has-post-thumbnail","hentry","category-nacional","post--single"],"_links":{"self":[{"href":"https:\/\/canal7slp.tv\/2026\/wp-json\/wp\/v2\/posts\/185278","targetHints":{"allow":["GET"]}}],"collection":[{"href":"https:\/\/canal7slp.tv\/2026\/wp-json\/wp\/v2\/posts"}],"about":[{"href":"https:\/\/canal7slp.tv\/2026\/wp-json\/wp\/v2\/types\/post"}],"author":[{"embeddable":true,"href":"https:\/\/canal7slp.tv\/2026\/wp-json\/wp\/v2\/users\/2"}],"replies":[{"embeddable":true,"href":"https:\/\/canal7slp.tv\/2026\/wp-json\/wp\/v2\/comments?post=185278"}],"version-history":[{"count":1,"href":"https:\/\/canal7slp.tv\/2026\/wp-json\/wp\/v2\/posts\/185278\/revisions"}],"predecessor-version":[{"id":185287,"href":"https:\/\/canal7slp.tv\/2026\/wp-json\/wp\/v2\/posts\/185278\/revisions\/185287"}],"wp:featuredmedia":[{"embeddable":true,"href":"https:\/\/canal7slp.tv\/2026\/wp-json\/wp\/v2\/media\/185286"}],"wp:attachment":[{"href":"https:\/\/canal7slp.tv\/2026\/wp-json\/wp\/v2\/media?parent=185278"}],"wp:term":[{"taxonomy":"category","embeddable":true,"href":"https:\/\/canal7slp.tv\/2026\/wp-json\/wp\/v2\/categories?post=185278"},{"taxonomy":"post_tag","embeddable":true,"href":"https:\/\/canal7slp.tv\/2026\/wp-json\/wp\/v2\/tags?post=185278"}],"curies":[{"name":"wp","href":"https:\/\/api.w.org\/{rel}","templated":true}]}}