{"id":185269,"date":"2025-11-17T17:34:46","date_gmt":"2025-11-17T23:34:46","guid":{"rendered":"https:\/\/canal7slp.tv\/2026\/?p=185269"},"modified":"2025-11-17T17:34:46","modified_gmt":"2025-11-17T23:34:46","slug":"canacintra-afirmo-que-empresas-en-el-pais-se-han-visto-impactadas-por-bloqueos-carreteros","status":"publish","type":"post","link":"https:\/\/canal7slp.tv\/2026\/canacintra-afirmo-que-empresas-en-el-pais-se-han-visto-impactadas-por-bloqueos-carreteros\/","title":{"rendered":"Canacintra afirm\u00f3 que empresas en el pa\u00eds se han visto impactadas por bloqueos carreteros"},"content":{"rendered":"<p style=\"text-align: justify;\">SLP.- Una serie de bloqueos carreteros se dan pr\u00e1cticamente de manera diaria en el pa\u00eds y estas acciones son sumamente negativas para las empresas del sector automotriz se\u00f1al\u00f3 la presidenta de la C\u00e1mara Nacional de la Industria de la Transformaci\u00f3n, Imelda Elizalde Mart\u00ednez.<\/p>\n<p style=\"text-align: justify;\">\u201cDefinitivamente los paros que hemos vivido a lo largo de estos \u00faltimos d\u00edas, han tenido un impacto tremendo en la industria, como sabemos San Luis tiene hospedada una gran porcentaje de su sector industrial en la industria automotriz y eso tiene mucho que ver con los tiempos y movimientos del just in time para que puedan abastecer a tiempo de todos los insumos que son much\u00edsimos\u201d.<\/p>\n<p style=\"text-align: justify;\">Adem\u00e1s de una baja en la producci\u00f3n de fabriles, se tiene otras repercusiones.<\/p>\n<p style=\"text-align: justify;\">\u201cUn impacto a obviamente a las empresas proveedoras enorme, porque no nada m\u00e1s es el hecho de no cumplir a tiempo, sino las calificaciones que obtienen y las penalizaciones y las sanciones\u201d.<\/p>\n<p style=\"text-align: justify;\">Tambi\u00e9n se tiene otros rubros afectados.<\/p>\n<p style=\"text-align: justify;\">\u201cY si hablamos de los otros sectores como puede ser el sector m\u00e9dico, como puede ser el sector alimenticio, el agroindustrial hay p\u00e9rdidas millonarias porque hay una cadena de valor en la cadena fr\u00edo, de fr\u00edo que tiene tiempos y movimientos tambi\u00e9n\u201d.<\/p>\n<p style=\"text-align: justify;\">Asever\u00f3 que los servidores p\u00fablicos y ciudadan\u00eda deben de prepararse para estar al tanto de los movimientos que generan los paros.<\/p>\n<p style=\"text-align: justify;\">\u201cYo creo que cualquiera de los desaf\u00edos que estamos viviendo requiere una profunda preparaci\u00f3n, no nada m\u00e1s de nuestros servidores p\u00fablicos, sino tambi\u00e9n por el ecosistema alrededor, los ciudadanos tenemos que formarnos en los temas que est\u00e1n moviendo hoy al pa\u00eds en forma positiva y no tan positiva\u201d.<\/p>\n<p style=\"text-align: justify;\">En fechas recientes, bloqueos de productores del campo trastocaron el tiempo de traslado de San Luis Potos\u00ed a la Ciudad de M\u00e9xico sumando una cantidad de horas considerable al trayecto.<\/p>\n<p>Por: Juan Carlos Contreras<\/p>\n","protected":false},"excerpt":{"rendered":"<p>SLP.- Una serie de bloqueos carreteros se dan pr\u00e1cticamente de manera diaria en el pa\u00eds y estas acciones son sumamente negativas para las empresas del sector automotriz se\u00f1al\u00f3 la presidenta de la C\u00e1mara Nacional de la Industria de la Transformaci\u00f3n, Imelda Elizalde Mart\u00ednez. \u201cDefinitivamente los paros que hemos vivido a lo largo de estos \u00faltimos d\u00edas, han tenido un impacto tremendo en la industria, como sabemos San Luis tiene hospedada una gran porcentaje de su sector industrial en la industria automotriz y eso tiene mucho que ver con los tiempos y movimientos del just in time para que puedan abastecer [&hellip;]<\/p>\n","protected":false},"author":2,"featured_media":185318,"comment_status":"closed","ping_status":"closed","sticky":false,"template":"","format":"video","meta":{"_monsterinsights_skip_tracking":false,"_monsterinsights_sitenote_active":false,"_monsterinsights_sitenote_note":"","_monsterinsights_sitenote_category":0,"footnotes":""},"categories":[5,45],"tags":[],"class_list":["post-185269","post","type-post","status-publish","format-video","has-post-thumbnail","hentry","category-destacadas","category-localesyregionales","post_format-post-format-video","post--single"],"_links":{"self":[{"href":"https:\/\/canal7slp.tv\/2026\/wp-json\/wp\/v2\/posts\/185269","targetHints":{"allow":["GET"]}}],"collection":[{"href":"https:\/\/canal7slp.tv\/2026\/wp-json\/wp\/v2\/posts"}],"about":[{"href":"https:\/\/canal7slp.tv\/2026\/wp-json\/wp\/v2\/types\/post"}],"author":[{"embeddable":true,"href":"https:\/\/canal7slp.tv\/2026\/wp-json\/wp\/v2\/users\/2"}],"replies":[{"embeddable":true,"href":"https:\/\/canal7slp.tv\/2026\/wp-json\/wp\/v2\/comments?post=185269"}],"version-history":[{"count":3,"href":"https:\/\/canal7slp.tv\/2026\/wp-json\/wp\/v2\/posts\/185269\/revisions"}],"predecessor-version":[{"id":185319,"href":"https:\/\/canal7slp.tv\/2026\/wp-json\/wp\/v2\/posts\/185269\/revisions\/185319"}],"wp:featuredmedia":[{"embeddable":true,"href":"https:\/\/canal7slp.tv\/2026\/wp-json\/wp\/v2\/media\/185318"}],"wp:attachment":[{"href":"https:\/\/canal7slp.tv\/2026\/wp-json\/wp\/v2\/media?parent=185269"}],"wp:term":[{"taxonomy":"category","embeddable":true,"href":"https:\/\/canal7slp.tv\/2026\/wp-json\/wp\/v2\/categories?post=185269"},{"taxonomy":"post_tag","embeddable":true,"href":"https:\/\/canal7slp.tv\/2026\/wp-json\/wp\/v2\/tags?post=185269"}],"curies":[{"name":"wp","href":"https:\/\/api.w.org\/{rel}","templated":true}]}}