{"id":185233,"date":"2025-11-17T13:54:48","date_gmt":"2025-11-17T19:54:48","guid":{"rendered":"https:\/\/canal7slp.tv\/2026\/?p=185233"},"modified":"2025-11-17T13:54:48","modified_gmt":"2025-11-17T19:54:48","slug":"nombran-a-jose-antonio-cruz-medina-como-nuevo-secretario-de-seguridad-de-michoacan","status":"publish","type":"post","link":"https:\/\/canal7slp.tv\/2026\/nombran-a-jose-antonio-cruz-medina-como-nuevo-secretario-de-seguridad-de-michoacan\/","title":{"rendered":"Nombran a Jos\u00e9 Antonio Cruz Medina como nuevo secretario de Seguridad de Michoac\u00e1n"},"content":{"rendered":"<p style=\"text-align: justify;\">Morelia.- El gobernador de Michoac\u00e1n, Alfredo Ram\u00edrez Bedolla, design\u00f3 a Jos\u00e9 Antonio Cruz Medina como nuevo titular de la Secretar\u00eda de Seguridad P\u00fablica del estado.<\/p>\n<p style=\"text-align: justify;\">El cambio se produce en el contexto del \u00abPlan Michoac\u00e1n por la Paz y la Justicia\u00bb, implementado tras el asesinato del alcalde de Uruapan, Carlos Manzo, ocurrido el 1 de noviembre.<\/p>\n<p style=\"text-align: justify;\">Cruz Medina, quien cuenta con m\u00e1s de dos d\u00e9cadas de experiencia en seguridad, se ha desempe\u00f1ado como vicefiscal en Michoac\u00e1n y ocup\u00f3 cargos directivos en la Guardia Nacional y la extinta Polic\u00eda Federal.<\/p>\n<p style=\"text-align: justify;\">Su perfil incluye formaci\u00f3n especializada con instituciones internacionales como el FBI, la Academia Europea de Seguridad en Polonia y la Polic\u00eda Nacional de Colombia.<\/p>\n<p style=\"text-align: justify;\">La designaci\u00f3n forma parte de la estrategia de coordinaci\u00f3n con el gobierno federal que incluye el despliegue de m\u00e1s de 10 mil elementos de fuerzas federales y una inversi\u00f3n de 57 mil millones de pesos para combatir la violencia en la entidad.<\/p>\n<p style=\"text-align: justify;\">El nuevo secretario se comprometi\u00f3 a reforzar las acciones de inteligencia y tecnolog\u00eda para reducir la incidencia delictiva.<\/p>\n","protected":false},"excerpt":{"rendered":"<p>Morelia.- El gobernador de Michoac\u00e1n, Alfredo Ram\u00edrez Bedolla, design\u00f3 a Jos\u00e9 Antonio Cruz Medina como nuevo titular de la Secretar\u00eda de Seguridad P\u00fablica del estado. El cambio se produce en el contexto del \u00abPlan Michoac\u00e1n por la Paz y la Justicia\u00bb, implementado tras el asesinato del alcalde de Uruapan, Carlos Manzo, ocurrido el 1 de noviembre. Cruz Medina, quien cuenta con m\u00e1s de dos d\u00e9cadas de experiencia en seguridad, se ha desempe\u00f1ado como vicefiscal en Michoac\u00e1n y ocup\u00f3 cargos directivos en la Guardia Nacional y la extinta Polic\u00eda Federal. Su perfil incluye formaci\u00f3n especializada con instituciones internacionales como el FBI, [&hellip;]<\/p>\n","protected":false},"author":2,"featured_media":185234,"comment_status":"closed","ping_status":"closed","sticky":false,"template":"","format":"standard","meta":{"_monsterinsights_skip_tracking":false,"_monsterinsights_sitenote_active":false,"_monsterinsights_sitenote_note":"","_monsterinsights_sitenote_category":0,"footnotes":""},"categories":[46],"tags":[],"class_list":["post-185233","post","type-post","status-publish","format-standard","has-post-thumbnail","hentry","category-nacional","post--single"],"_links":{"self":[{"href":"https:\/\/canal7slp.tv\/2026\/wp-json\/wp\/v2\/posts\/185233","targetHints":{"allow":["GET"]}}],"collection":[{"href":"https:\/\/canal7slp.tv\/2026\/wp-json\/wp\/v2\/posts"}],"about":[{"href":"https:\/\/canal7slp.tv\/2026\/wp-json\/wp\/v2\/types\/post"}],"author":[{"embeddable":true,"href":"https:\/\/canal7slp.tv\/2026\/wp-json\/wp\/v2\/users\/2"}],"replies":[{"embeddable":true,"href":"https:\/\/canal7slp.tv\/2026\/wp-json\/wp\/v2\/comments?post=185233"}],"version-history":[{"count":1,"href":"https:\/\/canal7slp.tv\/2026\/wp-json\/wp\/v2\/posts\/185233\/revisions"}],"predecessor-version":[{"id":185235,"href":"https:\/\/canal7slp.tv\/2026\/wp-json\/wp\/v2\/posts\/185233\/revisions\/185235"}],"wp:featuredmedia":[{"embeddable":true,"href":"https:\/\/canal7slp.tv\/2026\/wp-json\/wp\/v2\/media\/185234"}],"wp:attachment":[{"href":"https:\/\/canal7slp.tv\/2026\/wp-json\/wp\/v2\/media?parent=185233"}],"wp:term":[{"taxonomy":"category","embeddable":true,"href":"https:\/\/canal7slp.tv\/2026\/wp-json\/wp\/v2\/categories?post=185233"},{"taxonomy":"post_tag","embeddable":true,"href":"https:\/\/canal7slp.tv\/2026\/wp-json\/wp\/v2\/tags?post=185233"}],"curies":[{"name":"wp","href":"https:\/\/api.w.org\/{rel}","templated":true}]}}