{"id":185220,"date":"2025-11-16T13:21:49","date_gmt":"2025-11-16T19:21:49","guid":{"rendered":"https:\/\/canal7slp.tv\/2026\/?p=185220"},"modified":"2025-11-16T13:21:49","modified_gmt":"2025-11-16T19:21:49","slug":"juez-ordena-procesar-a-exagente-del-cisen-por-presunto-segundo-tirador-en-el-caso-colosio","status":"publish","type":"post","link":"https:\/\/canal7slp.tv\/2026\/juez-ordena-procesar-a-exagente-del-cisen-por-presunto-segundo-tirador-en-el-caso-colosio\/","title":{"rendered":"Juez ordena procesar a exagente del Cisen por presunto segundo tirador en el caso Colosio"},"content":{"rendered":"<p style=\"text-align: justify;\">M\u00e9xico.- Un juez federal resolvi\u00f3 iniciar proceso penal contra Jorge Antonio S\u00e1nchez Ortega, exintegrante del desaparecido Centro de Investigaci\u00f3n y Seguridad Nacional (Cisen), al considerar que hay indicios suficientes para relacionarlo como presunto segundo tirador en el asesinato de Luis Donaldo Colosio Murrieta, ocurrido el 23 de marzo de 1994 en Tijuana.<\/p>\n<p style=\"text-align: justify;\">La determinaci\u00f3n fue emitida por el Juzgado Cuarto de Distrito en Materia Penal del Estado de M\u00e9xico, que dict\u00f3 auto de formal prisi\u00f3n por homicidio calificado. S\u00e1nchez Ortega permanecer\u00e1 en el penal de m\u00e1xima seguridad del Altiplano, donde fue recluido tras su recaptura por la Fiscal\u00eda General de la Rep\u00fablica hace una semana.<\/p>\n<p style=\"text-align: justify;\">La audiencia se llev\u00f3 a cabo luego de que el acusado solicitara la ampliaci\u00f3n del plazo constitucional para definir su situaci\u00f3n jur\u00eddica. Debido a que el expediente se rige bajo el sistema penal previo al modelo acusatorio vigente, el proceso contin\u00faa bajo las reglas del antiguo esquema inquisitorio.<\/p>\n","protected":false},"excerpt":{"rendered":"<p>M\u00e9xico.- Un juez federal resolvi\u00f3 iniciar proceso penal contra Jorge Antonio S\u00e1nchez Ortega, exintegrante del desaparecido Centro de Investigaci\u00f3n y Seguridad Nacional (Cisen), al considerar que hay indicios suficientes para relacionarlo como presunto segundo tirador en el asesinato de Luis Donaldo Colosio Murrieta, ocurrido el 23 de marzo de 1994 en Tijuana. La determinaci\u00f3n fue emitida por el Juzgado Cuarto de Distrito en Materia Penal del Estado de M\u00e9xico, que dict\u00f3 auto de formal prisi\u00f3n por homicidio calificado. S\u00e1nchez Ortega permanecer\u00e1 en el penal de m\u00e1xima seguridad del Altiplano, donde fue recluido tras su recaptura por la Fiscal\u00eda General de [&hellip;]<\/p>\n","protected":false},"author":2,"featured_media":185221,"comment_status":"closed","ping_status":"closed","sticky":false,"template":"","format":"standard","meta":{"_monsterinsights_skip_tracking":false,"_monsterinsights_sitenote_active":false,"_monsterinsights_sitenote_note":"","_monsterinsights_sitenote_category":0,"footnotes":""},"categories":[46],"tags":[],"class_list":["post-185220","post","type-post","status-publish","format-standard","has-post-thumbnail","hentry","category-nacional","post--single"],"_links":{"self":[{"href":"https:\/\/canal7slp.tv\/2026\/wp-json\/wp\/v2\/posts\/185220","targetHints":{"allow":["GET"]}}],"collection":[{"href":"https:\/\/canal7slp.tv\/2026\/wp-json\/wp\/v2\/posts"}],"about":[{"href":"https:\/\/canal7slp.tv\/2026\/wp-json\/wp\/v2\/types\/post"}],"author":[{"embeddable":true,"href":"https:\/\/canal7slp.tv\/2026\/wp-json\/wp\/v2\/users\/2"}],"replies":[{"embeddable":true,"href":"https:\/\/canal7slp.tv\/2026\/wp-json\/wp\/v2\/comments?post=185220"}],"version-history":[{"count":1,"href":"https:\/\/canal7slp.tv\/2026\/wp-json\/wp\/v2\/posts\/185220\/revisions"}],"predecessor-version":[{"id":185222,"href":"https:\/\/canal7slp.tv\/2026\/wp-json\/wp\/v2\/posts\/185220\/revisions\/185222"}],"wp:featuredmedia":[{"embeddable":true,"href":"https:\/\/canal7slp.tv\/2026\/wp-json\/wp\/v2\/media\/185221"}],"wp:attachment":[{"href":"https:\/\/canal7slp.tv\/2026\/wp-json\/wp\/v2\/media?parent=185220"}],"wp:term":[{"taxonomy":"category","embeddable":true,"href":"https:\/\/canal7slp.tv\/2026\/wp-json\/wp\/v2\/categories?post=185220"},{"taxonomy":"post_tag","embeddable":true,"href":"https:\/\/canal7slp.tv\/2026\/wp-json\/wp\/v2\/tags?post=185220"}],"curies":[{"name":"wp","href":"https:\/\/api.w.org\/{rel}","templated":true}]}}