{"id":185173,"date":"2025-11-15T16:50:46","date_gmt":"2025-11-15T22:50:46","guid":{"rendered":"https:\/\/canal7slp.tv\/2026\/?p=185173"},"modified":"2025-11-15T19:24:52","modified_gmt":"2025-11-16T01:24:52","slug":"en-san-luis-potosi-participan-miles-en-la-marcha-de-la-generacion-z","status":"publish","type":"post","link":"https:\/\/canal7slp.tv\/2026\/en-san-luis-potosi-participan-miles-en-la-marcha-de-la-generacion-z\/","title":{"rendered":"En San Luis Potos\u00ed participan miles en la marcha de la Generaci\u00f3n Z"},"content":{"rendered":"<p style=\"text-align: justify;\"><span style=\"font-size: 1.21429rem;\">SLP.- Poco despu\u00e9s de las 11 de la ma\u00f1ana de este s\u00e1bado inici\u00f3 la marcha de la llamada Generaci\u00f3n Z en donde un numeroso contingente se concentr\u00f3 en la Calzada de Guadalupe.<\/span><\/p>\n<p style=\"text-align: justify;\">Abundaron las consignas en contra del gobierno de la presidenta Claudia Sheinbaum, banderas de M\u00e9xico e im\u00e1genes religiosas.<\/p>\n<p style=\"text-align: justify;\">Hubo tambi\u00e9n muestras de rechazo contra MORENA y carteles alusivos exigiendo justicia por el asesinato del alcalde Uruapan Carlos Manzo, ocurrido el pasado 1\u00b0 de Noviembre.<\/p>\n<p style=\"text-align: justify;\">La caravana avanz\u00f3 a lo largo de la calzada y continu\u00f3 por la calle Zaragoza para llegar finalmente a la plaza de Los Fundadores.<\/p>\n<p style=\"text-align: justify;\">En esta marcha destacaron los ic\u00f3nicos sombreros que recordaron al malogrado alcalde de Uruapan en una convocatoria a nivel nacional, y en la que participaron por lo menos 29 estados.<\/p>\n<p style=\"text-align: justify;\">En su marcha los manifestantes lanzaron consignas contra actores pol\u00edticos.<\/p>\n<p style=\"text-align: justify;\">Gente de todas las edades, de mezclilla y camisas blancas, sombreros de paja y portando banderas de M\u00e9xico exigiendo paz y justicia.<\/p>\n<p style=\"text-align: justify;\">Pese al intenso calor miles abarrotaron la plancha de Fundadores en donde tambi\u00e9n hubo abucheos en contra del gobernador Ricardo Gallardo.<\/p>\n<p style=\"text-align: justify;\">En esta marcha se record\u00f3 tambi\u00e9n el crimen del alcalde de Tancanhuitz, Eduardo Franco, y en donde predomin\u00f3 el discurso de los j\u00f3venes.<\/p>\n<p style=\"text-align: justify;\">Junto a los grupos de j\u00f3venes caminaron tambi\u00e9n padres de familia, se\u00f1oras y se\u00f1ores de la tercera edad que avanzaban junto a su hijos, para no perder el paso.<\/p>\n<p style=\"text-align: justify;\">Muchos portaban el ic\u00f3nico sombrero del movimiento con un mensaje que proyect\u00f3 el enojo y la tristeza pero tambi\u00e9n la necesidad de alzar la voz para pedir un cambio.<\/p>\n<p style=\"text-align: justify;\">Los organizadores de esta marcha afirmaron que participaron al menos tres mil personas que unieron sus voces en un movimiento aut\u00e9nticamente ciudadano.<\/p>\n<p>Por: Claudio Ibarra<\/p>\n","protected":false},"excerpt":{"rendered":"<p>SLP.- Poco despu\u00e9s de las 11 de la ma\u00f1ana de este s\u00e1bado inici\u00f3 la marcha de la llamada Generaci\u00f3n Z en donde un numeroso contingente se concentr\u00f3 en la Calzada de Guadalupe. Abundaron las consignas en contra del gobierno de la presidenta Claudia Sheinbaum, banderas de M\u00e9xico e im\u00e1genes religiosas. Hubo tambi\u00e9n muestras de rechazo contra MORENA y carteles alusivos exigiendo justicia por el asesinato del alcalde Uruapan Carlos Manzo, ocurrido el pasado 1\u00b0 de Noviembre. La caravana avanz\u00f3 a lo largo de la calzada y continu\u00f3 por la calle Zaragoza para llegar finalmente a la plaza de Los Fundadores. [&hellip;]<\/p>\n","protected":false},"author":2,"featured_media":185187,"comment_status":"closed","ping_status":"closed","sticky":false,"template":"","format":"video","meta":{"_monsterinsights_skip_tracking":false,"_monsterinsights_sitenote_active":false,"_monsterinsights_sitenote_note":"","_monsterinsights_sitenote_category":0,"footnotes":""},"categories":[5,45],"tags":[],"class_list":["post-185173","post","type-post","status-publish","format-video","has-post-thumbnail","hentry","category-destacadas","category-localesyregionales","post_format-post-format-video","post--single"],"_links":{"self":[{"href":"https:\/\/canal7slp.tv\/2026\/wp-json\/wp\/v2\/posts\/185173","targetHints":{"allow":["GET"]}}],"collection":[{"href":"https:\/\/canal7slp.tv\/2026\/wp-json\/wp\/v2\/posts"}],"about":[{"href":"https:\/\/canal7slp.tv\/2026\/wp-json\/wp\/v2\/types\/post"}],"author":[{"embeddable":true,"href":"https:\/\/canal7slp.tv\/2026\/wp-json\/wp\/v2\/users\/2"}],"replies":[{"embeddable":true,"href":"https:\/\/canal7slp.tv\/2026\/wp-json\/wp\/v2\/comments?post=185173"}],"version-history":[{"count":3,"href":"https:\/\/canal7slp.tv\/2026\/wp-json\/wp\/v2\/posts\/185173\/revisions"}],"predecessor-version":[{"id":185192,"href":"https:\/\/canal7slp.tv\/2026\/wp-json\/wp\/v2\/posts\/185173\/revisions\/185192"}],"wp:featuredmedia":[{"embeddable":true,"href":"https:\/\/canal7slp.tv\/2026\/wp-json\/wp\/v2\/media\/185187"}],"wp:attachment":[{"href":"https:\/\/canal7slp.tv\/2026\/wp-json\/wp\/v2\/media?parent=185173"}],"wp:term":[{"taxonomy":"category","embeddable":true,"href":"https:\/\/canal7slp.tv\/2026\/wp-json\/wp\/v2\/categories?post=185173"},{"taxonomy":"post_tag","embeddable":true,"href":"https:\/\/canal7slp.tv\/2026\/wp-json\/wp\/v2\/tags?post=185173"}],"curies":[{"name":"wp","href":"https:\/\/api.w.org\/{rel}","templated":true}]}}