{"id":185092,"date":"2025-11-14T21:15:31","date_gmt":"2025-11-15T03:15:31","guid":{"rendered":"https:\/\/canal7slp.tv\/2026\/?p=185092"},"modified":"2025-11-14T21:15:31","modified_gmt":"2025-11-15T03:15:31","slug":"se-reune-rector-con-catedraticos-y-alumnos-de-la-facultad-de-derecho","status":"publish","type":"post","link":"https:\/\/canal7slp.tv\/2026\/se-reune-rector-con-catedraticos-y-alumnos-de-la-facultad-de-derecho\/","title":{"rendered":"Se re\u00fane rector con catedr\u00e1ticos y alumnos de la Facultad de Derecho"},"content":{"rendered":"<p style=\"text-align: justify;\"><span style=\"font-size: 1.21429rem;\">SLP.- En una de las salas del Centro Cultural Universitario Bicentenario el rector Alejandro Zerme\u00f1o Guerra sostuvo una reuni\u00f3n con catedr\u00e1ticos y consejeros alumnos de la Facultad de Derecho.<\/span><\/p>\n<p style=\"text-align: justify;\">Este encuentro tuvo como prop\u00f3sito definir el esquema para elegir al director de \u00e9sta facultad con base a los estatutos, luego de la renuncia de Germ\u00e1n Pedroza Gait\u00e1n tras los hechos registrados el pasado 17 de Octubre y que deriv\u00f3 en un paro de actividades en diversas facultades y escuelas universitarias.<\/p>\n<p style=\"text-align: justify;\">En este contexto, reiter\u00f3 que de su parte no tiene objeci\u00f3n alguna si en el seno del Consejo Directivo Universitario, se elige a una mujer como directora de la Facultad de Derecho.<\/p>\n<p>Por: Claudio Ibarra<\/p>\n","protected":false},"excerpt":{"rendered":"<p>SLP.- En una de las salas del Centro Cultural Universitario Bicentenario el rector Alejandro Zerme\u00f1o Guerra sostuvo una reuni\u00f3n con catedr\u00e1ticos y consejeros alumnos de la Facultad de Derecho. Este encuentro tuvo como prop\u00f3sito definir el esquema para elegir al director de \u00e9sta facultad con base a los estatutos, luego de la renuncia de Germ\u00e1n Pedroza Gait\u00e1n tras los hechos registrados el pasado 17 de Octubre y que deriv\u00f3 en un paro de actividades en diversas facultades y escuelas universitarias. En este contexto, reiter\u00f3 que de su parte no tiene objeci\u00f3n alguna si en el seno del Consejo Directivo Universitario, [&hellip;]<\/p>\n","protected":false},"author":2,"featured_media":185127,"comment_status":"closed","ping_status":"closed","sticky":false,"template":"","format":"video","meta":{"_monsterinsights_skip_tracking":false,"_monsterinsights_sitenote_active":false,"_monsterinsights_sitenote_note":"","_monsterinsights_sitenote_category":0,"footnotes":""},"categories":[5,45],"tags":[],"class_list":["post-185092","post","type-post","status-publish","format-video","has-post-thumbnail","hentry","category-destacadas","category-localesyregionales","post_format-post-format-video","post--single"],"_links":{"self":[{"href":"https:\/\/canal7slp.tv\/2026\/wp-json\/wp\/v2\/posts\/185092","targetHints":{"allow":["GET"]}}],"collection":[{"href":"https:\/\/canal7slp.tv\/2026\/wp-json\/wp\/v2\/posts"}],"about":[{"href":"https:\/\/canal7slp.tv\/2026\/wp-json\/wp\/v2\/types\/post"}],"author":[{"embeddable":true,"href":"https:\/\/canal7slp.tv\/2026\/wp-json\/wp\/v2\/users\/2"}],"replies":[{"embeddable":true,"href":"https:\/\/canal7slp.tv\/2026\/wp-json\/wp\/v2\/comments?post=185092"}],"version-history":[{"count":2,"href":"https:\/\/canal7slp.tv\/2026\/wp-json\/wp\/v2\/posts\/185092\/revisions"}],"predecessor-version":[{"id":185128,"href":"https:\/\/canal7slp.tv\/2026\/wp-json\/wp\/v2\/posts\/185092\/revisions\/185128"}],"wp:featuredmedia":[{"embeddable":true,"href":"https:\/\/canal7slp.tv\/2026\/wp-json\/wp\/v2\/media\/185127"}],"wp:attachment":[{"href":"https:\/\/canal7slp.tv\/2026\/wp-json\/wp\/v2\/media?parent=185092"}],"wp:term":[{"taxonomy":"category","embeddable":true,"href":"https:\/\/canal7slp.tv\/2026\/wp-json\/wp\/v2\/categories?post=185092"},{"taxonomy":"post_tag","embeddable":true,"href":"https:\/\/canal7slp.tv\/2026\/wp-json\/wp\/v2\/tags?post=185092"}],"curies":[{"name":"wp","href":"https:\/\/api.w.org\/{rel}","templated":true}]}}