{"id":185091,"date":"2025-11-14T21:12:16","date_gmt":"2025-11-15T03:12:16","guid":{"rendered":"https:\/\/canal7slp.tv\/2026\/?p=185091"},"modified":"2025-11-14T21:12:16","modified_gmt":"2025-11-15T03:12:16","slug":"sin-detenidos-en-el-caso-del-asesinato-de-estudiante-universitario","status":"publish","type":"post","link":"https:\/\/canal7slp.tv\/2026\/sin-detenidos-en-el-caso-del-asesinato-de-estudiante-universitario\/","title":{"rendered":"Sin detenidos en el caso del asesinato de estudiante universitario"},"content":{"rendered":"<p style=\"text-align: justify;\"><span style=\"font-size: 1.21429rem;\">SLP.- En relaci\u00f3n al crimen del estudiante universitario de la Facultad de Estomatolog\u00eda el rector Alejandro Zerme\u00f1o Guerra se\u00f1al\u00f3 que est\u00e1 en la competencia de la Fiscal\u00eda General del Estado las investigaciones del caso.<\/span><\/p>\n<p style=\"text-align: justify;\">Al respecto, coment\u00f3 que extraoficialmente tiene conocimiento de que los involucrados en este grave delito no han sido detenidos.<\/p>\n<p style=\"text-align: justify;\">En m\u00e1s de este tema, el rector de la m\u00e1xima casa de estudios revel\u00f3 que, al igual que ya se hizo en ocasiones anteriores, solicit\u00f3 el apoyo de la polic\u00eda municipal para reforzar la vigilancia al exterior de las instalaciones universitarias.<\/p>\n<p style=\"text-align: justify;\">En este sentido, coment\u00f3 que se hizo un recorrido de supervisi\u00f3n para ubicar los lugares en donde pudiera haber alg\u00fan incidente que ponga en riesgo la integridad de los estudiantes.<\/p>\n<p style=\"text-align: justify;\">Por: Claudio Ibarra<\/p>\n","protected":false},"excerpt":{"rendered":"<p>SLP.- En relaci\u00f3n al crimen del estudiante universitario de la Facultad de Estomatolog\u00eda el rector Alejandro Zerme\u00f1o Guerra se\u00f1al\u00f3 que est\u00e1 en la competencia de la Fiscal\u00eda General del Estado las investigaciones del caso. Al respecto, coment\u00f3 que extraoficialmente tiene conocimiento de que los involucrados en este grave delito no han sido detenidos. En m\u00e1s de este tema, el rector de la m\u00e1xima casa de estudios revel\u00f3 que, al igual que ya se hizo en ocasiones anteriores, solicit\u00f3 el apoyo de la polic\u00eda municipal para reforzar la vigilancia al exterior de las instalaciones universitarias. En este sentido, coment\u00f3 que se [&hellip;]<\/p>\n","protected":false},"author":2,"featured_media":185124,"comment_status":"closed","ping_status":"closed","sticky":false,"template":"","format":"video","meta":{"_monsterinsights_skip_tracking":false,"_monsterinsights_sitenote_active":false,"_monsterinsights_sitenote_note":"","_monsterinsights_sitenote_category":0,"footnotes":""},"categories":[5,45],"tags":[],"class_list":["post-185091","post","type-post","status-publish","format-video","has-post-thumbnail","hentry","category-destacadas","category-localesyregionales","post_format-post-format-video","post--single"],"_links":{"self":[{"href":"https:\/\/canal7slp.tv\/2026\/wp-json\/wp\/v2\/posts\/185091","targetHints":{"allow":["GET"]}}],"collection":[{"href":"https:\/\/canal7slp.tv\/2026\/wp-json\/wp\/v2\/posts"}],"about":[{"href":"https:\/\/canal7slp.tv\/2026\/wp-json\/wp\/v2\/types\/post"}],"author":[{"embeddable":true,"href":"https:\/\/canal7slp.tv\/2026\/wp-json\/wp\/v2\/users\/2"}],"replies":[{"embeddable":true,"href":"https:\/\/canal7slp.tv\/2026\/wp-json\/wp\/v2\/comments?post=185091"}],"version-history":[{"count":2,"href":"https:\/\/canal7slp.tv\/2026\/wp-json\/wp\/v2\/posts\/185091\/revisions"}],"predecessor-version":[{"id":185125,"href":"https:\/\/canal7slp.tv\/2026\/wp-json\/wp\/v2\/posts\/185091\/revisions\/185125"}],"wp:featuredmedia":[{"embeddable":true,"href":"https:\/\/canal7slp.tv\/2026\/wp-json\/wp\/v2\/media\/185124"}],"wp:attachment":[{"href":"https:\/\/canal7slp.tv\/2026\/wp-json\/wp\/v2\/media?parent=185091"}],"wp:term":[{"taxonomy":"category","embeddable":true,"href":"https:\/\/canal7slp.tv\/2026\/wp-json\/wp\/v2\/categories?post=185091"},{"taxonomy":"post_tag","embeddable":true,"href":"https:\/\/canal7slp.tv\/2026\/wp-json\/wp\/v2\/tags?post=185091"}],"curies":[{"name":"wp","href":"https:\/\/api.w.org\/{rel}","templated":true}]}}