{"id":185088,"date":"2025-11-14T20:56:38","date_gmt":"2025-11-15T02:56:38","guid":{"rendered":"https:\/\/canal7slp.tv\/2026\/?p=185088"},"modified":"2025-11-14T20:56:38","modified_gmt":"2025-11-15T02:56:38","slug":"plataforma-migrante-destaca-la-importancia-del-intercambio-academico","status":"publish","type":"post","link":"https:\/\/canal7slp.tv\/2026\/plataforma-migrante-destaca-la-importancia-del-intercambio-academico\/","title":{"rendered":"Plataforma migrante destaca la importancia del intercambio acad\u00e9mico"},"content":{"rendered":"<p style=\"text-align: justify;\"><span style=\"font-size: 1.21429rem;\">SLP.- En el marco del Octavo Congreso Universitario COPARMEX 2025 el presidente de la plataforma \u201cFuerza Migrante\u201d Jaime Lucero, se\u00f1al\u00f3 que \u00e9sta organizaci\u00f3n ha realizado acciones de vinculaci\u00f3n con 20 universidades tanto de Estados Unidos como de M\u00e9xico, para el intercambio de proyectos acad\u00e9micos.<\/span><\/p>\n<p style=\"text-align: justify;\">Se\u00f1al\u00f3 lo anterior en el marco de su ponencia en este evento titulada \u201cEl uso de la tecnolog\u00eda para el desarrollo social y econ\u00f3mico de los mexicanos en el exterior\u201d.<\/p>\n<p style=\"text-align: justify;\">Se\u00f1al\u00f3 que a trav\u00e9s de esta plataforma se invita a los j\u00f3venes a compartir experiencias que refuercen sus conocimientos, en el \u00e1mbito educativo.<\/p>\n<p style=\"text-align: justify;\">Dijo adem\u00e1s que Fuerza Migrante es una plataforma que busca la uni\u00f3n y el apoyo entre todas las organizaciones y clubes de mexicanos, ubicados en los Estados Unidos.<\/p>\n<p>Por: Claudio Ibarra<\/p>\n","protected":false},"excerpt":{"rendered":"<p>SLP.- En el marco del Octavo Congreso Universitario COPARMEX 2025 el presidente de la plataforma \u201cFuerza Migrante\u201d Jaime Lucero, se\u00f1al\u00f3 que \u00e9sta organizaci\u00f3n ha realizado acciones de vinculaci\u00f3n con 20 universidades tanto de Estados Unidos como de M\u00e9xico, para el intercambio de proyectos acad\u00e9micos. Se\u00f1al\u00f3 lo anterior en el marco de su ponencia en este evento titulada \u201cEl uso de la tecnolog\u00eda para el desarrollo social y econ\u00f3mico de los mexicanos en el exterior\u201d. Se\u00f1al\u00f3 que a trav\u00e9s de esta plataforma se invita a los j\u00f3venes a compartir experiencias que refuercen sus conocimientos, en el \u00e1mbito educativo. Dijo adem\u00e1s que [&hellip;]<\/p>\n","protected":false},"author":2,"featured_media":185116,"comment_status":"closed","ping_status":"closed","sticky":false,"template":"","format":"video","meta":{"_monsterinsights_skip_tracking":false,"_monsterinsights_sitenote_active":false,"_monsterinsights_sitenote_note":"","_monsterinsights_sitenote_category":0,"footnotes":""},"categories":[5,45],"tags":[],"class_list":["post-185088","post","type-post","status-publish","format-video","has-post-thumbnail","hentry","category-destacadas","category-localesyregionales","post_format-post-format-video","post--single"],"_links":{"self":[{"href":"https:\/\/canal7slp.tv\/2026\/wp-json\/wp\/v2\/posts\/185088","targetHints":{"allow":["GET"]}}],"collection":[{"href":"https:\/\/canal7slp.tv\/2026\/wp-json\/wp\/v2\/posts"}],"about":[{"href":"https:\/\/canal7slp.tv\/2026\/wp-json\/wp\/v2\/types\/post"}],"author":[{"embeddable":true,"href":"https:\/\/canal7slp.tv\/2026\/wp-json\/wp\/v2\/users\/2"}],"replies":[{"embeddable":true,"href":"https:\/\/canal7slp.tv\/2026\/wp-json\/wp\/v2\/comments?post=185088"}],"version-history":[{"count":3,"href":"https:\/\/canal7slp.tv\/2026\/wp-json\/wp\/v2\/posts\/185088\/revisions"}],"predecessor-version":[{"id":185135,"href":"https:\/\/canal7slp.tv\/2026\/wp-json\/wp\/v2\/posts\/185088\/revisions\/185135"}],"wp:featuredmedia":[{"embeddable":true,"href":"https:\/\/canal7slp.tv\/2026\/wp-json\/wp\/v2\/media\/185116"}],"wp:attachment":[{"href":"https:\/\/canal7slp.tv\/2026\/wp-json\/wp\/v2\/media?parent=185088"}],"wp:term":[{"taxonomy":"category","embeddable":true,"href":"https:\/\/canal7slp.tv\/2026\/wp-json\/wp\/v2\/categories?post=185088"},{"taxonomy":"post_tag","embeddable":true,"href":"https:\/\/canal7slp.tv\/2026\/wp-json\/wp\/v2\/tags?post=185088"}],"curies":[{"name":"wp","href":"https:\/\/api.w.org\/{rel}","templated":true}]}}