{"id":185052,"date":"2025-11-14T15:57:34","date_gmt":"2025-11-14T21:57:34","guid":{"rendered":"https:\/\/canal7slp.tv\/2026\/?p=185052"},"modified":"2025-11-14T15:57:34","modified_gmt":"2025-11-14T21:57:34","slug":"eua-lanza-la-operacion-southern-spear-contra-el-narcotrafico-en-america-latina","status":"publish","type":"post","link":"https:\/\/canal7slp.tv\/2026\/eua-lanza-la-operacion-southern-spear-contra-el-narcotrafico-en-america-latina\/","title":{"rendered":"EUA lanza la operaci\u00f3n \u201cSouthern Spear\u201d contra el narcotr\u00e1fico en Am\u00e9rica Latina"},"content":{"rendered":"<p style=\"text-align: justify;\">EEUU.- El secretario de Guerra de Estados Unidos, Pete Hegseth, anunci\u00f3 el inicio de la operaci\u00f3n militar Southern Spear (\u201cLanza del Sur\u201d), una ofensiva destinada a intensificar las acciones contra el narcotr\u00e1fico procedente de Am\u00e9rica Latina.<\/p>\n<p style=\"text-align: justify;\">La misi\u00f3n ser\u00e1 ejecutada por un grupo de trabajo conjunto en coordinaci\u00f3n con el Comando Sur, encargado de las operaciones militares estadounidenses en el hemisferio.<\/p>\n<p style=\"text-align: justify;\">El anuncio ocurre en medio de un amplio despliegue militar en el Caribe, que incluye la llegada del portaaviones USS Gerald Ford, su grupo de ataque y varias embarcaciones adicionales, entre destructores y buques anfibios, movilizadas desde agosto.<\/p>\n<p style=\"text-align: justify;\">Seg\u00fan Hegseth, la operaci\u00f3n tiene como prop\u00f3sito \u201cdefender la patria\u201d y enfrentar a organizaciones que calific\u00f3 como \u201cnarcoterroristas\u201d, en l\u00ednea con instrucciones del presidente Donald Trump.<\/p>\n","protected":false},"excerpt":{"rendered":"<p>EEUU.- El secretario de Guerra de Estados Unidos, Pete Hegseth, anunci\u00f3 el inicio de la operaci\u00f3n militar Southern Spear (\u201cLanza del Sur\u201d), una ofensiva destinada a intensificar las acciones contra el narcotr\u00e1fico procedente de Am\u00e9rica Latina. La misi\u00f3n ser\u00e1 ejecutada por un grupo de trabajo conjunto en coordinaci\u00f3n con el Comando Sur, encargado de las operaciones militares estadounidenses en el hemisferio. El anuncio ocurre en medio de un amplio despliegue militar en el Caribe, que incluye la llegada del portaaviones USS Gerald Ford, su grupo de ataque y varias embarcaciones adicionales, entre destructores y buques anfibios, movilizadas desde agosto. Seg\u00fan [&hellip;]<\/p>\n","protected":false},"author":2,"featured_media":185061,"comment_status":"closed","ping_status":"closed","sticky":false,"template":"","format":"standard","meta":{"_monsterinsights_skip_tracking":false,"_monsterinsights_sitenote_active":false,"_monsterinsights_sitenote_note":"","_monsterinsights_sitenote_category":0,"footnotes":""},"categories":[44],"tags":[],"class_list":["post-185052","post","type-post","status-publish","format-standard","has-post-thumbnail","hentry","category-internacional","post--single"],"_links":{"self":[{"href":"https:\/\/canal7slp.tv\/2026\/wp-json\/wp\/v2\/posts\/185052","targetHints":{"allow":["GET"]}}],"collection":[{"href":"https:\/\/canal7slp.tv\/2026\/wp-json\/wp\/v2\/posts"}],"about":[{"href":"https:\/\/canal7slp.tv\/2026\/wp-json\/wp\/v2\/types\/post"}],"author":[{"embeddable":true,"href":"https:\/\/canal7slp.tv\/2026\/wp-json\/wp\/v2\/users\/2"}],"replies":[{"embeddable":true,"href":"https:\/\/canal7slp.tv\/2026\/wp-json\/wp\/v2\/comments?post=185052"}],"version-history":[{"count":1,"href":"https:\/\/canal7slp.tv\/2026\/wp-json\/wp\/v2\/posts\/185052\/revisions"}],"predecessor-version":[{"id":185062,"href":"https:\/\/canal7slp.tv\/2026\/wp-json\/wp\/v2\/posts\/185052\/revisions\/185062"}],"wp:featuredmedia":[{"embeddable":true,"href":"https:\/\/canal7slp.tv\/2026\/wp-json\/wp\/v2\/media\/185061"}],"wp:attachment":[{"href":"https:\/\/canal7slp.tv\/2026\/wp-json\/wp\/v2\/media?parent=185052"}],"wp:term":[{"taxonomy":"category","embeddable":true,"href":"https:\/\/canal7slp.tv\/2026\/wp-json\/wp\/v2\/categories?post=185052"},{"taxonomy":"post_tag","embeddable":true,"href":"https:\/\/canal7slp.tv\/2026\/wp-json\/wp\/v2\/tags?post=185052"}],"curies":[{"name":"wp","href":"https:\/\/api.w.org\/{rel}","templated":true}]}}