{"id":185029,"date":"2025-11-14T15:00:46","date_gmt":"2025-11-14T21:00:46","guid":{"rendered":"https:\/\/canal7slp.tv\/2026\/?p=185029"},"modified":"2025-11-14T15:00:46","modified_gmt":"2025-11-14T21:00:46","slug":"gobierno-de-eua-declara-terroristas-a-colectivos-antifa-en-europa","status":"publish","type":"post","link":"https:\/\/canal7slp.tv\/2026\/gobierno-de-eua-declara-terroristas-a-colectivos-antifa-en-europa\/","title":{"rendered":"Gobierno de EUA declara terroristas a colectivos antifa en Europa"},"content":{"rendered":"<p style=\"text-align: justify;\">EEUU.- El gobierno de Estados Unidos design\u00f3 a cuatro grupos ubicados en Alemania, Italia y Grecia como organizaciones terroristas globales, al acusarlos de integrar \u201ccolectivos violentos antifa\u201d.<\/p>\n<p style=\"text-align: justify;\">El anuncio fue realizado por el secretario de Estado Marco Rubio, quien afirm\u00f3 que la medida forma parte del esfuerzo de la administraci\u00f3n del presidente Donald Trump para enfrentar lo que calific\u00f3 como una campa\u00f1a de violencia pol\u00edtica.<\/p>\n<p style=\"text-align: justify;\">Entre las organizaciones se\u00f1aladas se encuentra Antifa Ost, en Alemania, adem\u00e1s de tres colectivos con presencia en Grecia e Italia.<\/p>\n<p style=\"text-align: justify;\">A partir del 20 de noviembre, estos grupos tambi\u00e9n ser\u00e1n clasificados como Organizaciones Terroristas Extranjeras, lo que permitir\u00e1 congelar activos y restringir su acceso a recursos financieros.<\/p>\n<p style=\"text-align: justify;\">Rubio advirti\u00f3 que Washington podr\u00eda extender decisiones similares a otros movimientos en distintos pa\u00edses.<\/p>\n<p style=\"text-align: justify;\">De acuerdo con el comunicado oficial, las agrupaciones designadas promueven ideolog\u00edas anarquistas o marxistas con posturas \u201cantiamericanas, anticapitalistas y anticristianas\u201d.<\/p>\n<p style=\"text-align: justify;\">Sin embargo, especialistas en seguridad nacional han cuestionado la fundamentaci\u00f3n legal de estas acciones, al se\u00f1alar que el movimiento antifa no cuenta con una estructura jer\u00e1rquica ni un liderazgo centralizado.<\/p>\n","protected":false},"excerpt":{"rendered":"<p>EEUU.- El gobierno de Estados Unidos design\u00f3 a cuatro grupos ubicados en Alemania, Italia y Grecia como organizaciones terroristas globales, al acusarlos de integrar \u201ccolectivos violentos antifa\u201d. El anuncio fue realizado por el secretario de Estado Marco Rubio, quien afirm\u00f3 que la medida forma parte del esfuerzo de la administraci\u00f3n del presidente Donald Trump para enfrentar lo que calific\u00f3 como una campa\u00f1a de violencia pol\u00edtica. Entre las organizaciones se\u00f1aladas se encuentra Antifa Ost, en Alemania, adem\u00e1s de tres colectivos con presencia en Grecia e Italia. A partir del 20 de noviembre, estos grupos tambi\u00e9n ser\u00e1n clasificados como Organizaciones Terroristas Extranjeras, [&hellip;]<\/p>\n","protected":false},"author":2,"featured_media":185031,"comment_status":"closed","ping_status":"closed","sticky":false,"template":"","format":"standard","meta":{"_monsterinsights_skip_tracking":false,"_monsterinsights_sitenote_active":false,"_monsterinsights_sitenote_note":"","_monsterinsights_sitenote_category":0,"footnotes":""},"categories":[44],"tags":[],"class_list":["post-185029","post","type-post","status-publish","format-standard","has-post-thumbnail","hentry","category-internacional","post--single"],"_links":{"self":[{"href":"https:\/\/canal7slp.tv\/2026\/wp-json\/wp\/v2\/posts\/185029","targetHints":{"allow":["GET"]}}],"collection":[{"href":"https:\/\/canal7slp.tv\/2026\/wp-json\/wp\/v2\/posts"}],"about":[{"href":"https:\/\/canal7slp.tv\/2026\/wp-json\/wp\/v2\/types\/post"}],"author":[{"embeddable":true,"href":"https:\/\/canal7slp.tv\/2026\/wp-json\/wp\/v2\/users\/2"}],"replies":[{"embeddable":true,"href":"https:\/\/canal7slp.tv\/2026\/wp-json\/wp\/v2\/comments?post=185029"}],"version-history":[{"count":1,"href":"https:\/\/canal7slp.tv\/2026\/wp-json\/wp\/v2\/posts\/185029\/revisions"}],"predecessor-version":[{"id":185030,"href":"https:\/\/canal7slp.tv\/2026\/wp-json\/wp\/v2\/posts\/185029\/revisions\/185030"}],"wp:featuredmedia":[{"embeddable":true,"href":"https:\/\/canal7slp.tv\/2026\/wp-json\/wp\/v2\/media\/185031"}],"wp:attachment":[{"href":"https:\/\/canal7slp.tv\/2026\/wp-json\/wp\/v2\/media?parent=185029"}],"wp:term":[{"taxonomy":"category","embeddable":true,"href":"https:\/\/canal7slp.tv\/2026\/wp-json\/wp\/v2\/categories?post=185029"},{"taxonomy":"post_tag","embeddable":true,"href":"https:\/\/canal7slp.tv\/2026\/wp-json\/wp\/v2\/tags?post=185029"}],"curies":[{"name":"wp","href":"https:\/\/api.w.org\/{rel}","templated":true}]}}