{"id":184969,"date":"2025-11-13T20:12:07","date_gmt":"2025-11-14T02:12:07","guid":{"rendered":"https:\/\/canal7slp.tv\/2026\/?p=184969"},"modified":"2025-11-13T20:12:07","modified_gmt":"2025-11-14T02:12:07","slug":"renuncia-de-concejal-presidenta-del-municipio-de-villa-de-pozos-fue-por-motivos-de-salud","status":"publish","type":"post","link":"https:\/\/canal7slp.tv\/2026\/renuncia-de-concejal-presidenta-del-municipio-de-villa-de-pozos-fue-por-motivos-de-salud\/","title":{"rendered":"Renuncia de concejal presidenta del municipio de Villa de Pozos fue por motivos de salud"},"content":{"rendered":"<p style=\"text-align: justify;\"><span style=\"font-size: 1.21429rem;\">Villa de Pozos.- Fue el secretario general del municipio de Villa de Pozos, Ren\u00e9 Oyarvide Ibarra, quien confirm\u00f3 que la concejal presidenta Mar\u00eda Teresa de Jes\u00fas Rivera Acevedo, pidi\u00f3 licencia al cargo en una solicitud sin fecha precisa.<\/span><\/p>\n<p style=\"text-align: justify;\">El funcionario municipal afirm\u00f3 que esta solicitud de licencia obedec\u00eda a motivos personales luego de encabezar durante m\u00e1s de un a\u00f1o, la gesti\u00f3n y administraci\u00f3n de Villa de Pozos como nuevo municipio y cuyo cargo, deber\u00eda concluir el 30 de Septiembre del 2027.<\/p>\n<p style=\"text-align: justify;\">Sin embargo, la concejal regidora Maribel Lemoine confirm\u00f3 que la renuncia de la concejal presidenta fue por motivos de salud.<\/p>\n<p style=\"text-align: justify;\">En su renuncia al cargo Mar\u00eda Teresa de Jes\u00fas Rivera Acevedo pide al Congreso que lo someta a su consideraci\u00f3n siendo recibido el documento el d\u00eda 11 de Noviembre del a\u00f1o en curso, a las 11 de la ma\u00f1ana con veinte minutos en el recinto legislativo.<\/p>\n<p>Por: Claudio Ibarra<\/p>\n","protected":false},"excerpt":{"rendered":"<p>Villa de Pozos.- Fue el secretario general del municipio de Villa de Pozos, Ren\u00e9 Oyarvide Ibarra, quien confirm\u00f3 que la concejal presidenta Mar\u00eda Teresa de Jes\u00fas Rivera Acevedo, pidi\u00f3 licencia al cargo en una solicitud sin fecha precisa. El funcionario municipal afirm\u00f3 que esta solicitud de licencia obedec\u00eda a motivos personales luego de encabezar durante m\u00e1s de un a\u00f1o, la gesti\u00f3n y administraci\u00f3n de Villa de Pozos como nuevo municipio y cuyo cargo, deber\u00eda concluir el 30 de Septiembre del 2027. Sin embargo, la concejal regidora Maribel Lemoine confirm\u00f3 que la renuncia de la concejal presidenta fue por motivos de [&hellip;]<\/p>\n","protected":false},"author":2,"featured_media":185002,"comment_status":"closed","ping_status":"closed","sticky":false,"template":"","format":"video","meta":{"_monsterinsights_skip_tracking":false,"_monsterinsights_sitenote_active":false,"_monsterinsights_sitenote_note":"","_monsterinsights_sitenote_category":0,"footnotes":""},"categories":[5,45],"tags":[],"class_list":["post-184969","post","type-post","status-publish","format-video","has-post-thumbnail","hentry","category-destacadas","category-localesyregionales","post_format-post-format-video","post--single"],"_links":{"self":[{"href":"https:\/\/canal7slp.tv\/2026\/wp-json\/wp\/v2\/posts\/184969","targetHints":{"allow":["GET"]}}],"collection":[{"href":"https:\/\/canal7slp.tv\/2026\/wp-json\/wp\/v2\/posts"}],"about":[{"href":"https:\/\/canal7slp.tv\/2026\/wp-json\/wp\/v2\/types\/post"}],"author":[{"embeddable":true,"href":"https:\/\/canal7slp.tv\/2026\/wp-json\/wp\/v2\/users\/2"}],"replies":[{"embeddable":true,"href":"https:\/\/canal7slp.tv\/2026\/wp-json\/wp\/v2\/comments?post=184969"}],"version-history":[{"count":2,"href":"https:\/\/canal7slp.tv\/2026\/wp-json\/wp\/v2\/posts\/184969\/revisions"}],"predecessor-version":[{"id":185003,"href":"https:\/\/canal7slp.tv\/2026\/wp-json\/wp\/v2\/posts\/184969\/revisions\/185003"}],"wp:featuredmedia":[{"embeddable":true,"href":"https:\/\/canal7slp.tv\/2026\/wp-json\/wp\/v2\/media\/185002"}],"wp:attachment":[{"href":"https:\/\/canal7slp.tv\/2026\/wp-json\/wp\/v2\/media?parent=184969"}],"wp:term":[{"taxonomy":"category","embeddable":true,"href":"https:\/\/canal7slp.tv\/2026\/wp-json\/wp\/v2\/categories?post=184969"},{"taxonomy":"post_tag","embeddable":true,"href":"https:\/\/canal7slp.tv\/2026\/wp-json\/wp\/v2\/tags?post=184969"}],"curies":[{"name":"wp","href":"https:\/\/api.w.org\/{rel}","templated":true}]}}