{"id":184968,"date":"2025-11-13T20:07:25","date_gmt":"2025-11-14T02:07:25","guid":{"rendered":"https:\/\/canal7slp.tv\/2026\/?p=184968"},"modified":"2025-11-13T20:07:25","modified_gmt":"2025-11-14T02:07:25","slug":"afirman-regidores-concejales-de-pozos-que-no-permitiran-un-atropello-legislativo","status":"publish","type":"post","link":"https:\/\/canal7slp.tv\/2026\/afirman-regidores-concejales-de-pozos-que-no-permitiran-un-atropello-legislativo\/","title":{"rendered":"Afirman regidores concejales de Pozos que no permitir\u00e1n un atropello legislativo"},"content":{"rendered":"<p style=\"text-align: justify;\"><span style=\"font-size: 1.21429rem;\">Villa de Pozos.- En relaci\u00f3n a la renuncia de la presidenta concejal presidenta del municipio de Villa de Pozos, Mar\u00eda Teresa de Jes\u00fas Rivera Acevedo, un grupo de concejales regidores en rueda de prensa conjunta, afirmaron que no fueron notificados de esta decisi\u00f3n como miembros integrantes de Cabildo.<\/span><\/p>\n<p style=\"text-align: justify;\">Afirmaron que ahora el municipio est\u00e1 en la incertidumbre pues al momento de su encuentro con los medios de comunicaci\u00f3n, a\u00fan no hab\u00edan sido notificados de que el Congreso del Estado, ya hab\u00eda designado a la diputada con licencia Patricia Aradillas como nueva presidenta.<\/p>\n<p style=\"text-align: justify;\">Sin embargo, el concejal regidor Gaspar M\u00e9ndez, promotor de la municipalidad de Villa de Pozos acus\u00f3 que desde el Congreso se maniobr\u00f3 para imponer a la diputada con licencia, al decir que detr\u00e1s de esto hay gente del Poder Ejecutivo.<\/p>\n<p style=\"text-align: justify;\">Y es que el regidor afirm\u00f3 que es al Cabildo a quien le compete nombrar al nuevo concejal presidente con base a la Ley Org\u00e1nica del Municipio Libre.<\/p>\n<p style=\"text-align: justify;\">Al respecto, afirmaron que dirigieron un oficio al secretario general del Concejo Ren\u00e9 Oyarvide Ibarra para que convocara a una sesi\u00f3n extraordinaria, para definir esta situaci\u00f3n.<\/p>\n<p style=\"text-align: justify;\">Sin embargo y pese a toda esta controversia los concejales regidores coincidieron en que finalmente, quien llegue como nuevo concejal presidente \u00f3 presidenta de Villa de Pozos, deber\u00e1 ver ante todo por sus habitantes y por el progreso de este municipio.<\/p>\n<p style=\"text-align: justify;\">Por: Claudio Ibarra<\/p>\n","protected":false},"excerpt":{"rendered":"<p>Villa de Pozos.- En relaci\u00f3n a la renuncia de la presidenta concejal presidenta del municipio de Villa de Pozos, Mar\u00eda Teresa de Jes\u00fas Rivera Acevedo, un grupo de concejales regidores en rueda de prensa conjunta, afirmaron que no fueron notificados de esta decisi\u00f3n como miembros integrantes de Cabildo. Afirmaron que ahora el municipio est\u00e1 en la incertidumbre pues al momento de su encuentro con los medios de comunicaci\u00f3n, a\u00fan no hab\u00edan sido notificados de que el Congreso del Estado, ya hab\u00eda designado a la diputada con licencia Patricia Aradillas como nueva presidenta. Sin embargo, el concejal regidor Gaspar M\u00e9ndez, promotor [&hellip;]<\/p>\n","protected":false},"author":2,"featured_media":184999,"comment_status":"closed","ping_status":"closed","sticky":false,"template":"","format":"video","meta":{"_monsterinsights_skip_tracking":false,"_monsterinsights_sitenote_active":false,"_monsterinsights_sitenote_note":"","_monsterinsights_sitenote_category":0,"footnotes":""},"categories":[5,45],"tags":[],"class_list":["post-184968","post","type-post","status-publish","format-video","has-post-thumbnail","hentry","category-destacadas","category-localesyregionales","post_format-post-format-video","post--single"],"_links":{"self":[{"href":"https:\/\/canal7slp.tv\/2026\/wp-json\/wp\/v2\/posts\/184968","targetHints":{"allow":["GET"]}}],"collection":[{"href":"https:\/\/canal7slp.tv\/2026\/wp-json\/wp\/v2\/posts"}],"about":[{"href":"https:\/\/canal7slp.tv\/2026\/wp-json\/wp\/v2\/types\/post"}],"author":[{"embeddable":true,"href":"https:\/\/canal7slp.tv\/2026\/wp-json\/wp\/v2\/users\/2"}],"replies":[{"embeddable":true,"href":"https:\/\/canal7slp.tv\/2026\/wp-json\/wp\/v2\/comments?post=184968"}],"version-history":[{"count":2,"href":"https:\/\/canal7slp.tv\/2026\/wp-json\/wp\/v2\/posts\/184968\/revisions"}],"predecessor-version":[{"id":185000,"href":"https:\/\/canal7slp.tv\/2026\/wp-json\/wp\/v2\/posts\/184968\/revisions\/185000"}],"wp:featuredmedia":[{"embeddable":true,"href":"https:\/\/canal7slp.tv\/2026\/wp-json\/wp\/v2\/media\/184999"}],"wp:attachment":[{"href":"https:\/\/canal7slp.tv\/2026\/wp-json\/wp\/v2\/media?parent=184968"}],"wp:term":[{"taxonomy":"category","embeddable":true,"href":"https:\/\/canal7slp.tv\/2026\/wp-json\/wp\/v2\/categories?post=184968"},{"taxonomy":"post_tag","embeddable":true,"href":"https:\/\/canal7slp.tv\/2026\/wp-json\/wp\/v2\/tags?post=184968"}],"curies":[{"name":"wp","href":"https:\/\/api.w.org\/{rel}","templated":true}]}}