{"id":184936,"date":"2025-11-13T16:52:45","date_gmt":"2025-11-13T22:52:45","guid":{"rendered":"https:\/\/canal7slp.tv\/2026\/?p=184936"},"modified":"2025-11-13T16:52:45","modified_gmt":"2025-11-13T22:52:45","slug":"scjn-ordena-a-grupo-salinas-pagar-33-mil-mdp-al-sat","status":"publish","type":"post","link":"https:\/\/canal7slp.tv\/2026\/scjn-ordena-a-grupo-salinas-pagar-33-mil-mdp-al-sat\/","title":{"rendered":"SCJN ordena a Grupo Salinas pagar 33 mil mdp al SAT"},"content":{"rendered":"<p style=\"text-align: justify;\">M\u00e9xico.- La Suprema Corte de Justicia de la Naci\u00f3n determin\u00f3 que Grupo Salinas deber\u00e1 cubrir 33 mil 306 millones de pesos al Servicio de Administraci\u00f3n Tributaria, resolviendo as\u00ed un litigio fiscal que se prolong\u00f3 por m\u00e1s de doce a\u00f1os. El fallo confirma la posici\u00f3n de las autoridades hacendarias respecto al adeudo.<\/p>\n<p style=\"text-align: justify;\">En respuesta, el conglomerado empresarial calific\u00f3 la resoluci\u00f3n como una violaci\u00f3n a sus derechos humanos y atribuy\u00f3 la decisi\u00f3n a presuntas instrucciones del Poder Ejecutivo. Seg\u00fan la empresa, los ministros no analizaron a fondo los elementos jur\u00eddicos del caso ni consideraron lo que describe como un \u201cacoso pol\u00edtico\u201d sostenido.<\/p>\n<p style=\"text-align: justify;\">El fundador del grupo, Ricardo Salinas Pliego, reaccion\u00f3 en sus redes sociales se\u00f1alando que espera que el gobierno \u201chaga algo\u201d con los recursos que pagar\u00e1 al SAT, aludiendo adem\u00e1s a las reiteradas menciones del caso en conferencias matutinas.<\/p>\n<p style=\"text-align: justify;\">Grupo Salinas adelant\u00f3 que explorar\u00e1 nuevas v\u00edas legales, incluidas instancias internacionales, para buscar lo que considera la protecci\u00f3n de sus derechos, y asegur\u00f3 que presentar\u00e1 pruebas que, a su juicio, demostrar\u00edan una persecuci\u00f3n pol\u00edtica en su contra.<\/p>\n","protected":false},"excerpt":{"rendered":"<p>M\u00e9xico.- La Suprema Corte de Justicia de la Naci\u00f3n determin\u00f3 que Grupo Salinas deber\u00e1 cubrir 33 mil 306 millones de pesos al Servicio de Administraci\u00f3n Tributaria, resolviendo as\u00ed un litigio fiscal que se prolong\u00f3 por m\u00e1s de doce a\u00f1os. El fallo confirma la posici\u00f3n de las autoridades hacendarias respecto al adeudo. En respuesta, el conglomerado empresarial calific\u00f3 la resoluci\u00f3n como una violaci\u00f3n a sus derechos humanos y atribuy\u00f3 la decisi\u00f3n a presuntas instrucciones del Poder Ejecutivo. Seg\u00fan la empresa, los ministros no analizaron a fondo los elementos jur\u00eddicos del caso ni consideraron lo que describe como un \u201cacoso pol\u00edtico\u201d sostenido. [&hellip;]<\/p>\n","protected":false},"author":2,"featured_media":184937,"comment_status":"closed","ping_status":"closed","sticky":false,"template":"","format":"standard","meta":{"_monsterinsights_skip_tracking":false,"_monsterinsights_sitenote_active":false,"_monsterinsights_sitenote_note":"","_monsterinsights_sitenote_category":0,"footnotes":""},"categories":[40,46],"tags":[],"class_list":["post-184936","post","type-post","status-publish","format-standard","has-post-thumbnail","hentry","category-economia","category-nacional","post--single"],"_links":{"self":[{"href":"https:\/\/canal7slp.tv\/2026\/wp-json\/wp\/v2\/posts\/184936","targetHints":{"allow":["GET"]}}],"collection":[{"href":"https:\/\/canal7slp.tv\/2026\/wp-json\/wp\/v2\/posts"}],"about":[{"href":"https:\/\/canal7slp.tv\/2026\/wp-json\/wp\/v2\/types\/post"}],"author":[{"embeddable":true,"href":"https:\/\/canal7slp.tv\/2026\/wp-json\/wp\/v2\/users\/2"}],"replies":[{"embeddable":true,"href":"https:\/\/canal7slp.tv\/2026\/wp-json\/wp\/v2\/comments?post=184936"}],"version-history":[{"count":1,"href":"https:\/\/canal7slp.tv\/2026\/wp-json\/wp\/v2\/posts\/184936\/revisions"}],"predecessor-version":[{"id":184938,"href":"https:\/\/canal7slp.tv\/2026\/wp-json\/wp\/v2\/posts\/184936\/revisions\/184938"}],"wp:featuredmedia":[{"embeddable":true,"href":"https:\/\/canal7slp.tv\/2026\/wp-json\/wp\/v2\/media\/184937"}],"wp:attachment":[{"href":"https:\/\/canal7slp.tv\/2026\/wp-json\/wp\/v2\/media?parent=184936"}],"wp:term":[{"taxonomy":"category","embeddable":true,"href":"https:\/\/canal7slp.tv\/2026\/wp-json\/wp\/v2\/categories?post=184936"},{"taxonomy":"post_tag","embeddable":true,"href":"https:\/\/canal7slp.tv\/2026\/wp-json\/wp\/v2\/tags?post=184936"}],"curies":[{"name":"wp","href":"https:\/\/api.w.org\/{rel}","templated":true}]}}