{"id":184827,"date":"2025-11-12T19:12:42","date_gmt":"2025-11-13T01:12:42","guid":{"rendered":"https:\/\/canal7slp.tv\/2026\/?p=184827"},"modified":"2025-12-10T08:48:51","modified_gmt":"2025-12-10T14:48:51","slug":"exhorta-la-iglesia-a-las-autoridades-a-redoblar-esfuerzos-en-materia-de-seguridad","status":"publish","type":"post","link":"https:\/\/canal7slp.tv\/2026\/exhorta-la-iglesia-a-las-autoridades-a-redoblar-esfuerzos-en-materia-de-seguridad\/","title":{"rendered":"Exhorta la Iglesia a las autoridades a redoblar esfuerzos en materia de seguridad"},"content":{"rendered":"<p style=\"text-align: justify;\"><span style=\"font-size: 1.21429rem;\">SLP.- Ante los hechos ocurridos recientemente como el asesinato de un joven estudiante universitario y de un elemento de la Guardia Civil Estatal, el vocero de la Arquidi\u00f3cesis de San Luis Potos\u00ed, Tom\u00e1s Cruz Perales, hizo un llamado a las autoridades a redoblar esfuerzos en materia de seguridad.<\/span><\/p>\n<p style=\"text-align: justify;\">Su llamado lo hizo extensivo a los encargados de la impartici\u00f3n de la justicia al afirmar que en estos temas hay mucho por hacer.<\/p>\n<p style=\"text-align: justify;\">En este contexto el sacerdote hizo p\u00fablicas sus condolencias hacia los familiares del joven y el polic\u00eda asesinados al decir que son precisamente sus familias, las que sufren ahora las consecuencias de esta inseguridad.<\/p>\n<p style=\"text-align: justify;\">En otro tema el vocero del Arzobispado Potosino inform\u00f3 que este viernes se llevar\u00e1 a cabo la tradicional peregrinaci\u00f3n anual a la Bas\u00edlica de Guadalupe, en la que se espera una participaci\u00f3n de entre 4 mil y 4 mil 500 feligreses quienes ser\u00e1n recibidos por el Arzobispo Jorge Alberto Cavazos Arizpe.<\/p>\n<p>Por: Claudio Ibarra<\/p>\n","protected":false},"excerpt":{"rendered":"<p>SLP.- Ante los hechos ocurridos recientemente como el asesinato de un joven estudiante universitario y de un elemento de la Guardia Civil Estatal, el vocero de la Arquidi\u00f3cesis de San Luis Potos\u00ed, Tom\u00e1s Cruz Perales, hizo un llamado a las autoridades a redoblar esfuerzos en materia de seguridad. Su llamado lo hizo extensivo a los encargados de la impartici\u00f3n de la justicia al afirmar que en estos temas hay mucho por hacer. En este contexto el sacerdote hizo p\u00fablicas sus condolencias hacia los familiares del joven y el polic\u00eda asesinados al decir que son precisamente sus familias, las que sufren [&hellip;]<\/p>\n","protected":false},"author":2,"featured_media":184838,"comment_status":"closed","ping_status":"closed","sticky":false,"template":"","format":"video","meta":{"_monsterinsights_skip_tracking":false,"_monsterinsights_sitenote_active":false,"_monsterinsights_sitenote_note":"","_monsterinsights_sitenote_category":0,"footnotes":""},"categories":[5,519,45],"tags":[],"class_list":["post-184827","post","type-post","status-publish","format-video","has-post-thumbnail","hentry","category-destacadas","category-iglesia","category-localesyregionales","post_format-post-format-video","post--single"],"_links":{"self":[{"href":"https:\/\/canal7slp.tv\/2026\/wp-json\/wp\/v2\/posts\/184827","targetHints":{"allow":["GET"]}}],"collection":[{"href":"https:\/\/canal7slp.tv\/2026\/wp-json\/wp\/v2\/posts"}],"about":[{"href":"https:\/\/canal7slp.tv\/2026\/wp-json\/wp\/v2\/types\/post"}],"author":[{"embeddable":true,"href":"https:\/\/canal7slp.tv\/2026\/wp-json\/wp\/v2\/users\/2"}],"replies":[{"embeddable":true,"href":"https:\/\/canal7slp.tv\/2026\/wp-json\/wp\/v2\/comments?post=184827"}],"version-history":[{"count":2,"href":"https:\/\/canal7slp.tv\/2026\/wp-json\/wp\/v2\/posts\/184827\/revisions"}],"predecessor-version":[{"id":184839,"href":"https:\/\/canal7slp.tv\/2026\/wp-json\/wp\/v2\/posts\/184827\/revisions\/184839"}],"wp:featuredmedia":[{"embeddable":true,"href":"https:\/\/canal7slp.tv\/2026\/wp-json\/wp\/v2\/media\/184838"}],"wp:attachment":[{"href":"https:\/\/canal7slp.tv\/2026\/wp-json\/wp\/v2\/media?parent=184827"}],"wp:term":[{"taxonomy":"category","embeddable":true,"href":"https:\/\/canal7slp.tv\/2026\/wp-json\/wp\/v2\/categories?post=184827"},{"taxonomy":"post_tag","embeddable":true,"href":"https:\/\/canal7slp.tv\/2026\/wp-json\/wp\/v2\/tags?post=184827"}],"curies":[{"name":"wp","href":"https:\/\/api.w.org\/{rel}","templated":true}]}}