{"id":184775,"date":"2025-11-12T16:00:15","date_gmt":"2025-11-12T22:00:15","guid":{"rendered":"https:\/\/canal7slp.tv\/2026\/?p=184775"},"modified":"2025-11-12T16:00:15","modified_gmt":"2025-11-12T22:00:15","slug":"productores-de-cana-se-deslindan-de-protestas-del-campo","status":"publish","type":"post","link":"https:\/\/canal7slp.tv\/2026\/productores-de-cana-se-deslindan-de-protestas-del-campo\/","title":{"rendered":"Productores de ca\u00f1a se deslindan de protestas del campo"},"content":{"rendered":"<p style=\"text-align: justify;\">\n<ul style=\"text-align: justify;\">\n<li>Respaldan nuevo arancel al az\u00facar<\/li>\n<\/ul>\n<p style=\"text-align: justify;\">M\u00e9xico.- El Frente Nacional para el Rescate del Campo Mexicano (FNRCM) y la Asociaci\u00f3n Nacional Transportista (ANT) realizaron una manifestaci\u00f3n frente a Palacio Nacional para exigir mayores medidas de seguridad en las carreteras y acciones concretas contra la corrupci\u00f3n. Los representantes de ambos sectores advirtieron que, si no obtienen respuesta de las autoridades, llevar\u00e1n a cabo un paro nacional el pr\u00f3ximo 24 de noviembre.<\/p>\n<p style=\"text-align: justify;\">Entre sus principales demandas se encuentran la revisi\u00f3n de los costos de transporte, la regulaci\u00f3n de las tarifas de gr\u00faas y la atenci\u00f3n urgente a los productores afectados por la inflaci\u00f3n y la inseguridad en zonas rurales.<\/p>\n<p style=\"text-align: justify;\">En contraste, la Uni\u00f3n Nacional de Productores de Ca\u00f1a de Az\u00facar (UNPCA) se deslind\u00f3 de estas movilizaciones, tras alcanzar un acuerdo con el gobierno federal mediante la actualizaci\u00f3n del arancel a las importaciones de az\u00facar.<\/p>\n<p style=\"text-align: justify;\">Javier S\u00e1nchez, dirigente de la UNPCA, explic\u00f3 que el nuevo impuesto del 156% sobre el valor de las importaciones permitir\u00e1 estabilizar los precios nacionales luego de varios meses de p\u00e9rdidas econ\u00f3micas. La organizaci\u00f3n, que agrupa al 98% de los productores de ca\u00f1a del pa\u00eds, confirm\u00f3 que no participar\u00e1 en las protestas convocadas por otros grupos, al considerar que el acuerdo arancelario atiende sus principales demandas.<\/p>\n<p style=\"text-align: justify;\">Mientras tanto, otros sectores agropecuarios mantienen su convocatoria a manifestaciones y al paro nacional programado para finales de mes.<\/p>\n","protected":false},"excerpt":{"rendered":"<p>Respaldan nuevo arancel al az\u00facar M\u00e9xico.- El Frente Nacional para el Rescate del Campo Mexicano (FNRCM) y la Asociaci\u00f3n Nacional Transportista (ANT) realizaron una manifestaci\u00f3n frente a Palacio Nacional para exigir mayores medidas de seguridad en las carreteras y acciones concretas contra la corrupci\u00f3n. Los representantes de ambos sectores advirtieron que, si no obtienen respuesta de las autoridades, llevar\u00e1n a cabo un paro nacional el pr\u00f3ximo 24 de noviembre. Entre sus principales demandas se encuentran la revisi\u00f3n de los costos de transporte, la regulaci\u00f3n de las tarifas de gr\u00faas y la atenci\u00f3n urgente a los productores afectados por la inflaci\u00f3n [&hellip;]<\/p>\n","protected":false},"author":2,"featured_media":184776,"comment_status":"closed","ping_status":"closed","sticky":false,"template":"","format":"standard","meta":{"_monsterinsights_skip_tracking":false,"_monsterinsights_sitenote_active":false,"_monsterinsights_sitenote_note":"","_monsterinsights_sitenote_category":0,"footnotes":""},"categories":[5,46],"tags":[],"class_list":["post-184775","post","type-post","status-publish","format-standard","has-post-thumbnail","hentry","category-destacadas","category-nacional","post--single"],"_links":{"self":[{"href":"https:\/\/canal7slp.tv\/2026\/wp-json\/wp\/v2\/posts\/184775","targetHints":{"allow":["GET"]}}],"collection":[{"href":"https:\/\/canal7slp.tv\/2026\/wp-json\/wp\/v2\/posts"}],"about":[{"href":"https:\/\/canal7slp.tv\/2026\/wp-json\/wp\/v2\/types\/post"}],"author":[{"embeddable":true,"href":"https:\/\/canal7slp.tv\/2026\/wp-json\/wp\/v2\/users\/2"}],"replies":[{"embeddable":true,"href":"https:\/\/canal7slp.tv\/2026\/wp-json\/wp\/v2\/comments?post=184775"}],"version-history":[{"count":1,"href":"https:\/\/canal7slp.tv\/2026\/wp-json\/wp\/v2\/posts\/184775\/revisions"}],"predecessor-version":[{"id":184777,"href":"https:\/\/canal7slp.tv\/2026\/wp-json\/wp\/v2\/posts\/184775\/revisions\/184777"}],"wp:featuredmedia":[{"embeddable":true,"href":"https:\/\/canal7slp.tv\/2026\/wp-json\/wp\/v2\/media\/184776"}],"wp:attachment":[{"href":"https:\/\/canal7slp.tv\/2026\/wp-json\/wp\/v2\/media?parent=184775"}],"wp:term":[{"taxonomy":"category","embeddable":true,"href":"https:\/\/canal7slp.tv\/2026\/wp-json\/wp\/v2\/categories?post=184775"},{"taxonomy":"post_tag","embeddable":true,"href":"https:\/\/canal7slp.tv\/2026\/wp-json\/wp\/v2\/tags?post=184775"}],"curies":[{"name":"wp","href":"https:\/\/api.w.org\/{rel}","templated":true}]}}