{"id":184719,"date":"2025-11-11T19:24:15","date_gmt":"2025-11-12T01:24:15","guid":{"rendered":"https:\/\/canal7slp.tv\/2026\/?p=184719"},"modified":"2025-11-11T19:24:15","modified_gmt":"2025-11-12T01:24:15","slug":"rechaza-el-alcalde-enrique-galindo-uso-de-la-fuerza-publica-de-manera-represiva","status":"publish","type":"post","link":"https:\/\/canal7slp.tv\/2026\/rechaza-el-alcalde-enrique-galindo-uso-de-la-fuerza-publica-de-manera-represiva\/","title":{"rendered":"Rechaza el alcalde Enrique Galindo uso de la fuerza p\u00fablica de manera represiva"},"content":{"rendered":"<p style=\"text-align: justify;\"><span style=\"font-size: 1.21429rem;\">SLP.- En relaci\u00f3n a la manifestaci\u00f3n de un grupo de habitantes de la comunidad de Escalerillas el presidente municipal Enrique Galindo afirm\u00f3 que sus reclamos y demandas, obedecen a un tema que dijo, compete al gobierno federal.<\/span><\/p>\n<p style=\"text-align: justify;\">Afirm\u00f3 que est\u00e1 relacionado con la construcci\u00f3n de un ducto a cargo de la Comisi\u00f3n Nacional del Agua y que la comunidad est\u00e1 en desacuerdo.<\/p>\n<p style=\"text-align: justify;\">En el mismo contexto, el alcalde capitalino asegur\u00f3 que el operativo de desalojo de los manifestantes que bloqueaban la vialidad e imped\u00edan el paso de los autom\u00f3viles, de ninguna manera fue represivo.<\/p>\n<p style=\"text-align: justify;\">Afirm\u00f3 que fue a petici\u00f3n de parte ya que se estaba generando un caos vial en la zona adem\u00e1s de que tambi\u00e9n estaba afectando el tr\u00e1fico en otras vialidades.<\/p>\n<p>Por: Claudio Ibarra<\/p>\n","protected":false},"excerpt":{"rendered":"<p>SLP.- En relaci\u00f3n a la manifestaci\u00f3n de un grupo de habitantes de la comunidad de Escalerillas el presidente municipal Enrique Galindo afirm\u00f3 que sus reclamos y demandas, obedecen a un tema que dijo, compete al gobierno federal. Afirm\u00f3 que est\u00e1 relacionado con la construcci\u00f3n de un ducto a cargo de la Comisi\u00f3n Nacional del Agua y que la comunidad est\u00e1 en desacuerdo. En el mismo contexto, el alcalde capitalino asegur\u00f3 que el operativo de desalojo de los manifestantes que bloqueaban la vialidad e imped\u00edan el paso de los autom\u00f3viles, de ninguna manera fue represivo. Afirm\u00f3 que fue a petici\u00f3n de [&hellip;]<\/p>\n","protected":false},"author":2,"featured_media":184734,"comment_status":"closed","ping_status":"closed","sticky":false,"template":"","format":"video","meta":{"_monsterinsights_skip_tracking":false,"_monsterinsights_sitenote_active":false,"_monsterinsights_sitenote_note":"","_monsterinsights_sitenote_category":0,"footnotes":""},"categories":[66,5,45],"tags":[],"class_list":["post-184719","post","type-post","status-publish","format-video","has-post-thumbnail","hentry","category-ayoslp","category-destacadas","category-localesyregionales","post_format-post-format-video","post--single"],"_links":{"self":[{"href":"https:\/\/canal7slp.tv\/2026\/wp-json\/wp\/v2\/posts\/184719","targetHints":{"allow":["GET"]}}],"collection":[{"href":"https:\/\/canal7slp.tv\/2026\/wp-json\/wp\/v2\/posts"}],"about":[{"href":"https:\/\/canal7slp.tv\/2026\/wp-json\/wp\/v2\/types\/post"}],"author":[{"embeddable":true,"href":"https:\/\/canal7slp.tv\/2026\/wp-json\/wp\/v2\/users\/2"}],"replies":[{"embeddable":true,"href":"https:\/\/canal7slp.tv\/2026\/wp-json\/wp\/v2\/comments?post=184719"}],"version-history":[{"count":2,"href":"https:\/\/canal7slp.tv\/2026\/wp-json\/wp\/v2\/posts\/184719\/revisions"}],"predecessor-version":[{"id":184735,"href":"https:\/\/canal7slp.tv\/2026\/wp-json\/wp\/v2\/posts\/184719\/revisions\/184735"}],"wp:featuredmedia":[{"embeddable":true,"href":"https:\/\/canal7slp.tv\/2026\/wp-json\/wp\/v2\/media\/184734"}],"wp:attachment":[{"href":"https:\/\/canal7slp.tv\/2026\/wp-json\/wp\/v2\/media?parent=184719"}],"wp:term":[{"taxonomy":"category","embeddable":true,"href":"https:\/\/canal7slp.tv\/2026\/wp-json\/wp\/v2\/categories?post=184719"},{"taxonomy":"post_tag","embeddable":true,"href":"https:\/\/canal7slp.tv\/2026\/wp-json\/wp\/v2\/tags?post=184719"}],"curies":[{"name":"wp","href":"https:\/\/api.w.org\/{rel}","templated":true}]}}