{"id":184717,"date":"2025-11-11T19:12:28","date_gmt":"2025-11-12T01:12:28","guid":{"rendered":"https:\/\/canal7slp.tv\/2026\/?p=184717"},"modified":"2025-11-11T19:12:28","modified_gmt":"2025-11-12T01:12:28","slug":"renueva-el-dif-municipal-capitalino-seguro-de-accidentes-a-escolares-de-centros-educativos","status":"publish","type":"post","link":"https:\/\/canal7slp.tv\/2026\/renueva-el-dif-municipal-capitalino-seguro-de-accidentes-a-escolares-de-centros-educativos\/","title":{"rendered":"Renueva el DIF Municipal Capitalino seguro de accidentes a escolares de centros educativos"},"content":{"rendered":"<p style=\"text-align: justify;\"><span style=\"font-size: 1.21429rem;\">SLP.- El Sistema DIF Municipal capitalino renov\u00f3 el Seguro de Gastos M\u00e9dicos a los seis centros educativos que dependen de esta instancia.<\/span><\/p>\n<p style=\"text-align: justify;\">Con esta renovaci\u00f3n, su presidenta afirm\u00f3 que se brinda protecci\u00f3n m\u00e9dica a las ni\u00f1as y ni\u00f1os garantizando su bienestar y seguridad ante cualquier accidente.<\/p>\n<p style=\"text-align: justify;\">Con este programa, en el periodo 2024-2025 se beneficiaron a 423 ni\u00f1os y ni\u00f1as y para el periodo 2025-2026 los beneficiarios se incrementar\u00e1n a 430 menores.<\/p>\n<p style=\"text-align: justify;\">Cabe se\u00f1alar que la cobertura de estos gastos m\u00e9dicos tambi\u00e9n se extienden para el personal docente y administrativo, que laboran en los centros educativos del DIF municipal capitalino.<\/p>\n<p style=\"text-align: justify;\">Por: Claudio Ibarra<\/p>\n","protected":false},"excerpt":{"rendered":"<p>SLP.- El Sistema DIF Municipal capitalino renov\u00f3 el Seguro de Gastos M\u00e9dicos a los seis centros educativos que dependen de esta instancia. Con esta renovaci\u00f3n, su presidenta afirm\u00f3 que se brinda protecci\u00f3n m\u00e9dica a las ni\u00f1as y ni\u00f1os garantizando su bienestar y seguridad ante cualquier accidente. Con este programa, en el periodo 2024-2025 se beneficiaron a 423 ni\u00f1os y ni\u00f1as y para el periodo 2025-2026 los beneficiarios se incrementar\u00e1n a 430 menores. Cabe se\u00f1alar que la cobertura de estos gastos m\u00e9dicos tambi\u00e9n se extienden para el personal docente y administrativo, que laboran en los centros educativos del DIF municipal capitalino. [&hellip;]<\/p>\n","protected":false},"author":2,"featured_media":184728,"comment_status":"closed","ping_status":"closed","sticky":false,"template":"","format":"video","meta":{"_monsterinsights_skip_tracking":false,"_monsterinsights_sitenote_active":false,"_monsterinsights_sitenote_note":"","_monsterinsights_sitenote_category":0,"footnotes":""},"categories":[66,5,45],"tags":[],"class_list":["post-184717","post","type-post","status-publish","format-video","has-post-thumbnail","hentry","category-ayoslp","category-destacadas","category-localesyregionales","post_format-post-format-video","post--single"],"_links":{"self":[{"href":"https:\/\/canal7slp.tv\/2026\/wp-json\/wp\/v2\/posts\/184717","targetHints":{"allow":["GET"]}}],"collection":[{"href":"https:\/\/canal7slp.tv\/2026\/wp-json\/wp\/v2\/posts"}],"about":[{"href":"https:\/\/canal7slp.tv\/2026\/wp-json\/wp\/v2\/types\/post"}],"author":[{"embeddable":true,"href":"https:\/\/canal7slp.tv\/2026\/wp-json\/wp\/v2\/users\/2"}],"replies":[{"embeddable":true,"href":"https:\/\/canal7slp.tv\/2026\/wp-json\/wp\/v2\/comments?post=184717"}],"version-history":[{"count":2,"href":"https:\/\/canal7slp.tv\/2026\/wp-json\/wp\/v2\/posts\/184717\/revisions"}],"predecessor-version":[{"id":184729,"href":"https:\/\/canal7slp.tv\/2026\/wp-json\/wp\/v2\/posts\/184717\/revisions\/184729"}],"wp:featuredmedia":[{"embeddable":true,"href":"https:\/\/canal7slp.tv\/2026\/wp-json\/wp\/v2\/media\/184728"}],"wp:attachment":[{"href":"https:\/\/canal7slp.tv\/2026\/wp-json\/wp\/v2\/media?parent=184717"}],"wp:term":[{"taxonomy":"category","embeddable":true,"href":"https:\/\/canal7slp.tv\/2026\/wp-json\/wp\/v2\/categories?post=184717"},{"taxonomy":"post_tag","embeddable":true,"href":"https:\/\/canal7slp.tv\/2026\/wp-json\/wp\/v2\/tags?post=184717"}],"curies":[{"name":"wp","href":"https:\/\/api.w.org\/{rel}","templated":true}]}}