{"id":184685,"date":"2025-11-11T18:16:10","date_gmt":"2025-11-12T00:16:10","guid":{"rendered":"https:\/\/canal7slp.tv\/2026\/?p=184685"},"modified":"2025-11-11T18:16:10","modified_gmt":"2025-11-12T00:16:10","slug":"del-18-al-22-de-noviembre-se-realizara-el-festival-de-musica-san-luis-potosi","status":"publish","type":"post","link":"https:\/\/canal7slp.tv\/2026\/del-18-al-22-de-noviembre-se-realizara-el-festival-de-musica-san-luis-potosi\/","title":{"rendered":"Del 18 al 22 de noviembre se realizar\u00e1 el Festival de M\u00fasica San Luis Potos\u00ed"},"content":{"rendered":"<p style=\"text-align: justify;\">SLP.- Del 18 al 22 de noviembre se realizar\u00e1 el Festival de M\u00fasica San Luis Potos\u00ed, mismo que fue presentado por autoridades de la Secretar\u00eda de Turismo de Gobierno del Estado.<\/p>\n<p style=\"text-align: justify;\">El director administrativo de la Secretar\u00eda de Turismo, Alberto Emmanuel Hern\u00e1ndez Ruelas habl\u00f3 al respecto.<\/p>\n<p style=\"text-align: justify;\">\u201cPara nosotros es un honor presentar el d\u00e9cimo segundo Festival de M\u00fasica de San Luis Potos\u00ed el cual re\u00fane a talentos potosinos de diversos g\u00e9neros y estilos sonoros; disfrutemos a nuestros artistas potosino a trav\u00e9s de la m\u00fasica que har\u00e1 vibrar a la ciudad y a los diversos recintos de nuestra ciudad que van del rock hasta la orquesta y una soprano\u201d.<\/p>\n<p style=\"text-align: justify;\">El director general de la Asociaci\u00f3n de Difusi\u00f3n Art\u00edstica y Cultural El Gran Tunal, Juan Carlos Hern\u00e1ndez Contreras, expuso el origen del festival.<\/p>\n<p style=\"text-align: justify;\">\u201cEs un festival que naci\u00f3 en el a\u00f1o de 2014 (\u2026) surge brevemente en aquel a\u00f1o como una alternativa m\u00e1s a lo que son las celebraciones del D\u00eda del M\u00fasico\u201d.<\/p>\n<p style=\"text-align: justify;\">La finalidad, adem\u00e1s de celebrar al m\u00fasico, es dar a conocer a las agrupaciones, artistas o solistas locales.<\/p>\n<p style=\"text-align: justify;\">\u201cDe talentos locales, sabemos que hay muchos festivales tambi\u00e9n muy importantes que viene de fuera pero aqu\u00ed tambi\u00e9n dar a conocer el talento emergente de nuestra ciudad, de nuestro estado\u201d.<\/p>\n<p style=\"text-align: justify;\">El festival se realizar\u00e1 del 18 al 22 de noviembre e incluye a grupos como Ligna Bellum, Rame, Instante eterno, Orquesta Filarm\u00f3nica Ernesto Baez, entre otros; los espacios donde se tendr\u00e1n las presentaciones pueden verificarse en las redes sociales del evento.<\/p>\n<p>Por: Juan Carlos Contreras<\/p>\n","protected":false},"excerpt":{"rendered":"<p>SLP.- Del 18 al 22 de noviembre se realizar\u00e1 el Festival de M\u00fasica San Luis Potos\u00ed, mismo que fue presentado por autoridades de la Secretar\u00eda de Turismo de Gobierno del Estado. El director administrativo de la Secretar\u00eda de Turismo, Alberto Emmanuel Hern\u00e1ndez Ruelas habl\u00f3 al respecto. \u201cPara nosotros es un honor presentar el d\u00e9cimo segundo Festival de M\u00fasica de San Luis Potos\u00ed el cual re\u00fane a talentos potosinos de diversos g\u00e9neros y estilos sonoros; disfrutemos a nuestros artistas potosino a trav\u00e9s de la m\u00fasica que har\u00e1 vibrar a la ciudad y a los diversos recintos de nuestra ciudad que van [&hellip;]<\/p>\n","protected":false},"author":2,"featured_media":184700,"comment_status":"closed","ping_status":"closed","sticky":false,"template":"","format":"video","meta":{"_monsterinsights_skip_tracking":false,"_monsterinsights_sitenote_active":false,"_monsterinsights_sitenote_note":"","_monsterinsights_sitenote_category":0,"footnotes":""},"categories":[5,510,45],"tags":[],"class_list":["post-184685","post","type-post","status-publish","format-video","has-post-thumbnail","hentry","category-destacadas","category-gobedoslp","category-localesyregionales","post_format-post-format-video","post--single"],"_links":{"self":[{"href":"https:\/\/canal7slp.tv\/2026\/wp-json\/wp\/v2\/posts\/184685","targetHints":{"allow":["GET"]}}],"collection":[{"href":"https:\/\/canal7slp.tv\/2026\/wp-json\/wp\/v2\/posts"}],"about":[{"href":"https:\/\/canal7slp.tv\/2026\/wp-json\/wp\/v2\/types\/post"}],"author":[{"embeddable":true,"href":"https:\/\/canal7slp.tv\/2026\/wp-json\/wp\/v2\/users\/2"}],"replies":[{"embeddable":true,"href":"https:\/\/canal7slp.tv\/2026\/wp-json\/wp\/v2\/comments?post=184685"}],"version-history":[{"count":2,"href":"https:\/\/canal7slp.tv\/2026\/wp-json\/wp\/v2\/posts\/184685\/revisions"}],"predecessor-version":[{"id":184698,"href":"https:\/\/canal7slp.tv\/2026\/wp-json\/wp\/v2\/posts\/184685\/revisions\/184698"}],"wp:featuredmedia":[{"embeddable":true,"href":"https:\/\/canal7slp.tv\/2026\/wp-json\/wp\/v2\/media\/184700"}],"wp:attachment":[{"href":"https:\/\/canal7slp.tv\/2026\/wp-json\/wp\/v2\/media?parent=184685"}],"wp:term":[{"taxonomy":"category","embeddable":true,"href":"https:\/\/canal7slp.tv\/2026\/wp-json\/wp\/v2\/categories?post=184685"},{"taxonomy":"post_tag","embeddable":true,"href":"https:\/\/canal7slp.tv\/2026\/wp-json\/wp\/v2\/tags?post=184685"}],"curies":[{"name":"wp","href":"https:\/\/api.w.org\/{rel}","templated":true}]}}