{"id":184671,"date":"2025-11-11T16:55:36","date_gmt":"2025-11-11T22:55:36","guid":{"rendered":"https:\/\/canal7slp.tv\/2026\/?p=184671"},"modified":"2025-11-11T16:55:36","modified_gmt":"2025-11-11T22:55:36","slug":"fge-confirma-que-tercer-implicado-en-caso-de-violacion-en-la-uaslp-promovio-amparo","status":"publish","type":"post","link":"https:\/\/canal7slp.tv\/2026\/fge-confirma-que-tercer-implicado-en-caso-de-violacion-en-la-uaslp-promovio-amparo\/","title":{"rendered":"FGE confirma que tercer implicado en caso de violaci\u00f3n en la UASLP promovi\u00f3 amparo"},"content":{"rendered":"<p style=\"text-align: justify;\"><span style=\"font-size: 1.21429rem;\">SLP.- La Fiscal\u00eda General del Estado de San Luis Potos\u00ed inform\u00f3 que el tercer implicado en un caso de violaci\u00f3n registrada dentro de la Facultad de Derecho de la Universidad Aut\u00f3noma de San Luis Potos\u00ed ya promovi\u00f3 un amparo.<\/span><\/p>\n<p style=\"text-align: justify;\">Lo anterior con el prop\u00f3sito de evitar una ejecuci\u00f3n de orden de aprehensi\u00f3n en su contra.<\/p>\n<p style=\"text-align: justify;\">\u201cNosotros iniciamos la carpeta de investigaci\u00f3n, evidentemente ahorita tenemos dos personas vinculadas a proceso: una con prisi\u00f3n preventiva y otra con internamiento toda vez que se trata de un menor de edad\u00bb, dijo.<\/p>\n<p style=\"text-align: justify;\">Continu\u00f3: \u201cLa tercer persona promovi\u00f3 un amparo, sin embargo, tenemos la esperanza de que se lo nieguen para efecto de nosotros ejecutar la orden de aprehensi\u00f3n&#8230; Va a depender de la fecha que tenga la audiencia el juez de distrito.\u201d<\/p>\n<p style=\"text-align: justify;\">A\u00f1adi\u00f3 que las investigaciones contin\u00faan en curso dentro de la fase complementaria, con el objetivo de fortalecer la carpeta y establecer la participaci\u00f3n de cada uno de los involucrados.<\/p>\n<p style=\"text-align: justify;\">\u201cDerivado de la propia investigaci\u00f3n, la carpeta est\u00e1 abierta, estamos en plena investigaci\u00f3n complementaria y eso nos da la pauta para seguir investigando\u00bb, insisti\u00f3.<\/p>\n<p style=\"text-align: justify;\">Con este avance, la Fiscal\u00eda mantiene abierto el caso y en seguimiento judicial, a la espera de la resoluci\u00f3n que permita proceder contra el tercer implicado.<\/p>\n<p>Por: Jos\u00e9 Luis V\u00e1zquez<\/p>\n","protected":false},"excerpt":{"rendered":"<p>SLP.- La Fiscal\u00eda General del Estado de San Luis Potos\u00ed inform\u00f3 que el tercer implicado en un caso de violaci\u00f3n registrada dentro de la Facultad de Derecho de la Universidad Aut\u00f3noma de San Luis Potos\u00ed ya promovi\u00f3 un amparo. Lo anterior con el prop\u00f3sito de evitar una ejecuci\u00f3n de orden de aprehensi\u00f3n en su contra. \u201cNosotros iniciamos la carpeta de investigaci\u00f3n, evidentemente ahorita tenemos dos personas vinculadas a proceso: una con prisi\u00f3n preventiva y otra con internamiento toda vez que se trata de un menor de edad\u00bb, dijo. Continu\u00f3: \u201cLa tercer persona promovi\u00f3 un amparo, sin embargo, tenemos la esperanza [&hellip;]<\/p>\n","protected":false},"author":2,"featured_media":184673,"comment_status":"closed","ping_status":"closed","sticky":false,"template":"","format":"video","meta":{"_monsterinsights_skip_tracking":false,"_monsterinsights_sitenote_active":false,"_monsterinsights_sitenote_note":"","_monsterinsights_sitenote_category":0,"footnotes":""},"categories":[5,510,45],"tags":[],"class_list":["post-184671","post","type-post","status-publish","format-video","has-post-thumbnail","hentry","category-destacadas","category-gobedoslp","category-localesyregionales","post_format-post-format-video","post--single"],"_links":{"self":[{"href":"https:\/\/canal7slp.tv\/2026\/wp-json\/wp\/v2\/posts\/184671","targetHints":{"allow":["GET"]}}],"collection":[{"href":"https:\/\/canal7slp.tv\/2026\/wp-json\/wp\/v2\/posts"}],"about":[{"href":"https:\/\/canal7slp.tv\/2026\/wp-json\/wp\/v2\/types\/post"}],"author":[{"embeddable":true,"href":"https:\/\/canal7slp.tv\/2026\/wp-json\/wp\/v2\/users\/2"}],"replies":[{"embeddable":true,"href":"https:\/\/canal7slp.tv\/2026\/wp-json\/wp\/v2\/comments?post=184671"}],"version-history":[{"count":1,"href":"https:\/\/canal7slp.tv\/2026\/wp-json\/wp\/v2\/posts\/184671\/revisions"}],"predecessor-version":[{"id":184674,"href":"https:\/\/canal7slp.tv\/2026\/wp-json\/wp\/v2\/posts\/184671\/revisions\/184674"}],"wp:featuredmedia":[{"embeddable":true,"href":"https:\/\/canal7slp.tv\/2026\/wp-json\/wp\/v2\/media\/184673"}],"wp:attachment":[{"href":"https:\/\/canal7slp.tv\/2026\/wp-json\/wp\/v2\/media?parent=184671"}],"wp:term":[{"taxonomy":"category","embeddable":true,"href":"https:\/\/canal7slp.tv\/2026\/wp-json\/wp\/v2\/categories?post=184671"},{"taxonomy":"post_tag","embeddable":true,"href":"https:\/\/canal7slp.tv\/2026\/wp-json\/wp\/v2\/tags?post=184671"}],"curies":[{"name":"wp","href":"https:\/\/api.w.org\/{rel}","templated":true}]}}