{"id":184584,"date":"2025-11-10T19:38:14","date_gmt":"2025-11-11T01:38:14","guid":{"rendered":"https:\/\/canal7slp.tv\/2026\/?p=184584"},"modified":"2025-11-10T19:38:14","modified_gmt":"2025-11-11T01:38:14","slug":"condena-presidente-de-coparmex-violencia-e-inseguridad-en-el-estado","status":"publish","type":"post","link":"https:\/\/canal7slp.tv\/2026\/condena-presidente-de-coparmex-violencia-e-inseguridad-en-el-estado\/","title":{"rendered":"Condena presidente de Coparmex violencia e inseguridad en el estado"},"content":{"rendered":"<p style=\"text-align: justify;\"><span style=\"font-size: 1.21429rem;\">SLP.- De lamentable calific\u00f3 el presidente local de la COPARMEX Luis Gerardo Ortu\u00f1o la muerte de un joven estudiante de la Facultad de Estomatolog\u00eda de la Universidad Aut\u00f3noma de San Luis Potos\u00ed,luego de ser asaltado violentamente el pasado fin de semana.<\/span><\/p>\n<p style=\"text-align: justify;\">El l\u00edder empresarial afirm\u00f3 que es grave que se est\u00e9n dando este tipo de hechos al decir que la violencia y la inseguridad, ya es cosa de todos los d\u00edas.<\/p>\n<p style=\"text-align: justify;\">En el mismo tema el presidente local de COPARMEX hizo un llamado para que haya una mayor coordinaci\u00f3n entre los tres niveles de gobierno en el combate a la inseguridad, al reiterar que son hechos que dijo, no deben estar sucediendo.<\/p>\n<p style=\"text-align: justify;\">Por: Claudio Ibarra<\/p>\n","protected":false},"excerpt":{"rendered":"<p>SLP.- De lamentable calific\u00f3 el presidente local de la COPARMEX Luis Gerardo Ortu\u00f1o la muerte de un joven estudiante de la Facultad de Estomatolog\u00eda de la Universidad Aut\u00f3noma de San Luis Potos\u00ed,luego de ser asaltado violentamente el pasado fin de semana. El l\u00edder empresarial afirm\u00f3 que es grave que se est\u00e9n dando este tipo de hechos al decir que la violencia y la inseguridad, ya es cosa de todos los d\u00edas. En el mismo tema el presidente local de COPARMEX hizo un llamado para que haya una mayor coordinaci\u00f3n entre los tres niveles de gobierno en el combate a la [&hellip;]<\/p>\n","protected":false},"author":2,"featured_media":184599,"comment_status":"closed","ping_status":"closed","sticky":false,"template":"","format":"video","meta":{"_monsterinsights_skip_tracking":false,"_monsterinsights_sitenote_active":false,"_monsterinsights_sitenote_note":"","_monsterinsights_sitenote_category":0,"footnotes":""},"categories":[5,45],"tags":[],"class_list":["post-184584","post","type-post","status-publish","format-video","has-post-thumbnail","hentry","category-destacadas","category-localesyregionales","post_format-post-format-video","post--single"],"_links":{"self":[{"href":"https:\/\/canal7slp.tv\/2026\/wp-json\/wp\/v2\/posts\/184584","targetHints":{"allow":["GET"]}}],"collection":[{"href":"https:\/\/canal7slp.tv\/2026\/wp-json\/wp\/v2\/posts"}],"about":[{"href":"https:\/\/canal7slp.tv\/2026\/wp-json\/wp\/v2\/types\/post"}],"author":[{"embeddable":true,"href":"https:\/\/canal7slp.tv\/2026\/wp-json\/wp\/v2\/users\/2"}],"replies":[{"embeddable":true,"href":"https:\/\/canal7slp.tv\/2026\/wp-json\/wp\/v2\/comments?post=184584"}],"version-history":[{"count":2,"href":"https:\/\/canal7slp.tv\/2026\/wp-json\/wp\/v2\/posts\/184584\/revisions"}],"predecessor-version":[{"id":184600,"href":"https:\/\/canal7slp.tv\/2026\/wp-json\/wp\/v2\/posts\/184584\/revisions\/184600"}],"wp:featuredmedia":[{"embeddable":true,"href":"https:\/\/canal7slp.tv\/2026\/wp-json\/wp\/v2\/media\/184599"}],"wp:attachment":[{"href":"https:\/\/canal7slp.tv\/2026\/wp-json\/wp\/v2\/media?parent=184584"}],"wp:term":[{"taxonomy":"category","embeddable":true,"href":"https:\/\/canal7slp.tv\/2026\/wp-json\/wp\/v2\/categories?post=184584"},{"taxonomy":"post_tag","embeddable":true,"href":"https:\/\/canal7slp.tv\/2026\/wp-json\/wp\/v2\/tags?post=184584"}],"curies":[{"name":"wp","href":"https:\/\/api.w.org\/{rel}","templated":true}]}}