{"id":184578,"date":"2025-11-10T18:00:06","date_gmt":"2025-11-11T00:00:06","guid":{"rendered":"https:\/\/canal7slp.tv\/2026\/?p=184578"},"modified":"2025-11-10T18:00:06","modified_gmt":"2025-11-11T00:00:06","slug":"onu-advierte-en-la-cop30-que-quienes-no-actuen-frente-al-cambio-climatico-enfrentaran-estancamiento-e-inflacion","status":"publish","type":"post","link":"https:\/\/canal7slp.tv\/2026\/onu-advierte-en-la-cop30-que-quienes-no-actuen-frente-al-cambio-climatico-enfrentaran-estancamiento-e-inflacion\/","title":{"rendered":"ONU advierte en la COP30 que quienes no act\u00faen frente al cambio clim\u00e1tico enfrentar\u00e1n estancamiento e inflaci\u00f3n"},"content":{"rendered":"<p style=\"text-align: justify;\">Bel\u00e9m.- Simon Stiell, secretario ejecutivo de la Convenci\u00f3n de la ONU sobre Cambio Clim\u00e1tico, alert\u00f3 en la apertura oficial de la COP30 en Bel\u00e9m, Brasil, que \u00abquienes se queden al margen de la acci\u00f3n clim\u00e1tica enfrentar\u00e1n estancamiento e inflaci\u00f3n\u00bb.<\/p>\n<p style=\"text-align: justify;\">Durante su intervenci\u00f3n en la primera sesi\u00f3n plenaria, Stiell enfatiz\u00f3 que cada medida para fomentar la resiliencia \u00abayuda a salvar vidas, fortalecer las comunidades y proteger las cadenas de suministro globales\u00bb.<\/p>\n<p style=\"text-align: justify;\">El funcionario inst\u00f3 a conectar las negociaciones clim\u00e1ticas con \u00abacciones necesarias en la econom\u00eda real\u00bb y parafrase\u00f3 al expresidente Franklin Roosevelt para destacar el m\u00e9rito de quienes act\u00faan frente al cambio clim\u00e1tico.<\/p>\n<p style=\"text-align: justify;\">Stiell reconoci\u00f3 el \u00abprogreso real\u00bb alcanzado desde el Acuerdo de Par\u00eds, pero advirti\u00f3 que a\u00fan queda \u00abmucho trabajo por hacer\u00bb para reducir emisiones y fortalecer la resiliencia.<\/p>\n<p style=\"text-align: justify;\">Cabe destacar, que la COP30 se desarrolla sin la participaci\u00f3n del presidente estadounidense Donald Trump, quien ha cuestionado la gravedad del calentamiento global.<\/p>\n","protected":false},"excerpt":{"rendered":"<p>Bel\u00e9m.- Simon Stiell, secretario ejecutivo de la Convenci\u00f3n de la ONU sobre Cambio Clim\u00e1tico, alert\u00f3 en la apertura oficial de la COP30 en Bel\u00e9m, Brasil, que \u00abquienes se queden al margen de la acci\u00f3n clim\u00e1tica enfrentar\u00e1n estancamiento e inflaci\u00f3n\u00bb. Durante su intervenci\u00f3n en la primera sesi\u00f3n plenaria, Stiell enfatiz\u00f3 que cada medida para fomentar la resiliencia \u00abayuda a salvar vidas, fortalecer las comunidades y proteger las cadenas de suministro globales\u00bb. El funcionario inst\u00f3 a conectar las negociaciones clim\u00e1ticas con \u00abacciones necesarias en la econom\u00eda real\u00bb y parafrase\u00f3 al expresidente Franklin Roosevelt para destacar el m\u00e9rito de quienes act\u00faan frente al [&hellip;]<\/p>\n","protected":false},"author":2,"featured_media":184579,"comment_status":"closed","ping_status":"closed","sticky":false,"template":"","format":"standard","meta":{"_monsterinsights_skip_tracking":false,"_monsterinsights_sitenote_active":false,"_monsterinsights_sitenote_note":"","_monsterinsights_sitenote_category":0,"footnotes":""},"categories":[44],"tags":[],"class_list":["post-184578","post","type-post","status-publish","format-standard","has-post-thumbnail","hentry","category-internacional","post--single"],"_links":{"self":[{"href":"https:\/\/canal7slp.tv\/2026\/wp-json\/wp\/v2\/posts\/184578","targetHints":{"allow":["GET"]}}],"collection":[{"href":"https:\/\/canal7slp.tv\/2026\/wp-json\/wp\/v2\/posts"}],"about":[{"href":"https:\/\/canal7slp.tv\/2026\/wp-json\/wp\/v2\/types\/post"}],"author":[{"embeddable":true,"href":"https:\/\/canal7slp.tv\/2026\/wp-json\/wp\/v2\/users\/2"}],"replies":[{"embeddable":true,"href":"https:\/\/canal7slp.tv\/2026\/wp-json\/wp\/v2\/comments?post=184578"}],"version-history":[{"count":1,"href":"https:\/\/canal7slp.tv\/2026\/wp-json\/wp\/v2\/posts\/184578\/revisions"}],"predecessor-version":[{"id":184580,"href":"https:\/\/canal7slp.tv\/2026\/wp-json\/wp\/v2\/posts\/184578\/revisions\/184580"}],"wp:featuredmedia":[{"embeddable":true,"href":"https:\/\/canal7slp.tv\/2026\/wp-json\/wp\/v2\/media\/184579"}],"wp:attachment":[{"href":"https:\/\/canal7slp.tv\/2026\/wp-json\/wp\/v2\/media?parent=184578"}],"wp:term":[{"taxonomy":"category","embeddable":true,"href":"https:\/\/canal7slp.tv\/2026\/wp-json\/wp\/v2\/categories?post=184578"},{"taxonomy":"post_tag","embeddable":true,"href":"https:\/\/canal7slp.tv\/2026\/wp-json\/wp\/v2\/tags?post=184578"}],"curies":[{"name":"wp","href":"https:\/\/api.w.org\/{rel}","templated":true}]}}