{"id":184548,"date":"2025-11-10T16:13:37","date_gmt":"2025-11-10T22:13:37","guid":{"rendered":"https:\/\/canal7slp.tv\/2026\/?p=184548"},"modified":"2025-11-10T16:14:22","modified_gmt":"2025-11-10T22:14:22","slug":"aplazan-por-tercera-vez-la-audiencia-de-joaquin-guzman-lopez-en-chicago","status":"publish","type":"post","link":"https:\/\/canal7slp.tv\/2026\/aplazan-por-tercera-vez-la-audiencia-de-joaquin-guzman-lopez-en-chicago\/","title":{"rendered":"Aplazan por tercera vez la audiencia de Joaqu\u00edn Guzm\u00e1n L\u00f3pez en Chicago"},"content":{"rendered":"<p style=\"text-align: justify;\">Chicago.- La audiencia de Joaqu\u00edn Guzm\u00e1n L\u00f3pez, identificado como l\u00edder de la facci\u00f3n conocida como Los Chapitos e hijo de Joaqu\u00edn \u201cEl Chapo\u201d Guzm\u00e1n, fue aplazada por tercera ocasi\u00f3n. El proceso, originalmente programado para este 13 de noviembre, se reprogram\u00f3 para el 1 de diciembre por orden de la jueza federal Sharon Johnson Coleman.<\/p>\n<p style=\"text-align: justify;\">El procedimiento judicial ya hab\u00eda sido diferido en dos ocasiones anteriores: primero del 15 de julio al 15 de septiembre, y luego al 13 de noviembre. Hasta el momento, no se han dado a conocer los motivos del nuevo cambio de fecha.<\/p>\n<p style=\"text-align: justify;\">Cabe recordar, que en julio pasado, su hermano Ovidio Guzm\u00e1n se declar\u00f3 culpable en Chicago de cuatro cargos relacionados con narcotr\u00e1fico, como parte de un acuerdo con las autoridades estadounidenses.<\/p>\n<p style=\"text-align: justify;\">Asimismo, en agosto, Ismael \u201cEl Mayo\u201d Zambada (cofundador del c\u00e1rtel) admiti\u00f3 su culpabilidad por delitos de narcotr\u00e1fico, lavado de dinero y uso de armas ante un tribunal federal de Nueva York.<\/p>\n","protected":false},"excerpt":{"rendered":"<p>Chicago.- La audiencia de Joaqu\u00edn Guzm\u00e1n L\u00f3pez, identificado como l\u00edder de la facci\u00f3n conocida como Los Chapitos e hijo de Joaqu\u00edn \u201cEl Chapo\u201d Guzm\u00e1n, fue aplazada por tercera ocasi\u00f3n. El proceso, originalmente programado para este 13 de noviembre, se reprogram\u00f3 para el 1 de diciembre por orden de la jueza federal Sharon Johnson Coleman. El procedimiento judicial ya hab\u00eda sido diferido en dos ocasiones anteriores: primero del 15 de julio al 15 de septiembre, y luego al 13 de noviembre. Hasta el momento, no se han dado a conocer los motivos del nuevo cambio de fecha. Cabe recordar, que en [&hellip;]<\/p>\n","protected":false},"author":2,"featured_media":184549,"comment_status":"closed","ping_status":"closed","sticky":false,"template":"","format":"standard","meta":{"_monsterinsights_skip_tracking":false,"_monsterinsights_sitenote_active":false,"_monsterinsights_sitenote_note":"","_monsterinsights_sitenote_category":0,"footnotes":""},"categories":[44],"tags":[],"class_list":["post-184548","post","type-post","status-publish","format-standard","has-post-thumbnail","hentry","category-internacional","post--single"],"_links":{"self":[{"href":"https:\/\/canal7slp.tv\/2026\/wp-json\/wp\/v2\/posts\/184548","targetHints":{"allow":["GET"]}}],"collection":[{"href":"https:\/\/canal7slp.tv\/2026\/wp-json\/wp\/v2\/posts"}],"about":[{"href":"https:\/\/canal7slp.tv\/2026\/wp-json\/wp\/v2\/types\/post"}],"author":[{"embeddable":true,"href":"https:\/\/canal7slp.tv\/2026\/wp-json\/wp\/v2\/users\/2"}],"replies":[{"embeddable":true,"href":"https:\/\/canal7slp.tv\/2026\/wp-json\/wp\/v2\/comments?post=184548"}],"version-history":[{"count":1,"href":"https:\/\/canal7slp.tv\/2026\/wp-json\/wp\/v2\/posts\/184548\/revisions"}],"predecessor-version":[{"id":184550,"href":"https:\/\/canal7slp.tv\/2026\/wp-json\/wp\/v2\/posts\/184548\/revisions\/184550"}],"wp:featuredmedia":[{"embeddable":true,"href":"https:\/\/canal7slp.tv\/2026\/wp-json\/wp\/v2\/media\/184549"}],"wp:attachment":[{"href":"https:\/\/canal7slp.tv\/2026\/wp-json\/wp\/v2\/media?parent=184548"}],"wp:term":[{"taxonomy":"category","embeddable":true,"href":"https:\/\/canal7slp.tv\/2026\/wp-json\/wp\/v2\/categories?post=184548"},{"taxonomy":"post_tag","embeddable":true,"href":"https:\/\/canal7slp.tv\/2026\/wp-json\/wp\/v2\/tags?post=184548"}],"curies":[{"name":"wp","href":"https:\/\/api.w.org\/{rel}","templated":true}]}}