{"id":184529,"date":"2025-11-10T14:47:40","date_gmt":"2025-11-10T20:47:40","guid":{"rendered":"https:\/\/canal7slp.tv\/2026\/?p=184529"},"modified":"2025-11-10T14:47:40","modified_gmt":"2025-11-10T20:47:40","slug":"pedro-sanchez-busca-normalizar-relaciones-entre-espana-y-mexico","status":"publish","type":"post","link":"https:\/\/canal7slp.tv\/2026\/pedro-sanchez-busca-normalizar-relaciones-entre-espana-y-mexico\/","title":{"rendered":"Pedro S\u00e1nchez busca normalizar relaciones entre Espa\u00f1a y M\u00e9xico"},"content":{"rendered":"<ul style=\"text-align: justify;\">\n<li>Reconoce \u201cclaroscuros\u201d de la historia com\u00fan.<\/li>\n<\/ul>\n<p style=\"text-align: justify;\">Madrid.- El presidente del Gobierno de Espa\u00f1a, Pedro S\u00e1nchez, asegur\u00f3 que la normalizaci\u00f3n de las relaciones con M\u00e9xico es una prioridad para su pa\u00eds, al considerar que ambas naciones son \u201cmuy pr\u00f3ximas en todas las dimensiones\u201d.<\/p>\n<p style=\"text-align: justify;\">En entrevista con El Pa\u00eds, el mandatario espa\u00f1ol reconoci\u00f3 que la historia compartida entre M\u00e9xico y Espa\u00f1a tiene \u201cclaroscuros\u201d que deben ser reconocidos para edificar una relaci\u00f3n m\u00e1s s\u00f3lida y basada en el respeto mutuo.<\/p>\n<p style=\"text-align: justify;\">S\u00e1nchez destac\u00f3 adem\u00e1s el papel hist\u00f3rico de M\u00e9xico en la protecci\u00f3n de los exiliados de la Guerra Civil espa\u00f1ola, recordando el apoyo del expresidente L\u00e1zaro C\u00e1rdenas, quien envi\u00f3 barcos para recibirlos y brindarles refugio.<\/p>\n<p style=\"text-align: justify;\">El l\u00edder espa\u00f1ol subray\u00f3 que, aunque la diplomacia exige discreci\u00f3n, su gobierno considera esencial avanzar hacia una normalizaci\u00f3n plena de los lazos bilaterales.<\/p>\n<p style=\"text-align: justify;\">Las declaraciones de S\u00e1nchez se suman a las del ministro de Asuntos Exteriores, Jos\u00e9 Manuel Albares, quien recientemente admiti\u00f3 que \u201cha habido dolor e injusticia\u201d hacia los pueblos originarios mexicanos y sostuvo que \u201ces justo reconocerlo y lamentarlo\u201d.<\/p>\n","protected":false},"excerpt":{"rendered":"<p>Reconoce \u201cclaroscuros\u201d de la historia com\u00fan. Madrid.- El presidente del Gobierno de Espa\u00f1a, Pedro S\u00e1nchez, asegur\u00f3 que la normalizaci\u00f3n de las relaciones con M\u00e9xico es una prioridad para su pa\u00eds, al considerar que ambas naciones son \u201cmuy pr\u00f3ximas en todas las dimensiones\u201d. En entrevista con El Pa\u00eds, el mandatario espa\u00f1ol reconoci\u00f3 que la historia compartida entre M\u00e9xico y Espa\u00f1a tiene \u201cclaroscuros\u201d que deben ser reconocidos para edificar una relaci\u00f3n m\u00e1s s\u00f3lida y basada en el respeto mutuo. S\u00e1nchez destac\u00f3 adem\u00e1s el papel hist\u00f3rico de M\u00e9xico en la protecci\u00f3n de los exiliados de la Guerra Civil espa\u00f1ola, recordando el apoyo del [&hellip;]<\/p>\n","protected":false},"author":2,"featured_media":184530,"comment_status":"closed","ping_status":"closed","sticky":false,"template":"","format":"standard","meta":{"_monsterinsights_skip_tracking":false,"_monsterinsights_sitenote_active":false,"_monsterinsights_sitenote_note":"","_monsterinsights_sitenote_category":0,"footnotes":""},"categories":[44],"tags":[],"class_list":["post-184529","post","type-post","status-publish","format-standard","has-post-thumbnail","hentry","category-internacional","post--single"],"_links":{"self":[{"href":"https:\/\/canal7slp.tv\/2026\/wp-json\/wp\/v2\/posts\/184529","targetHints":{"allow":["GET"]}}],"collection":[{"href":"https:\/\/canal7slp.tv\/2026\/wp-json\/wp\/v2\/posts"}],"about":[{"href":"https:\/\/canal7slp.tv\/2026\/wp-json\/wp\/v2\/types\/post"}],"author":[{"embeddable":true,"href":"https:\/\/canal7slp.tv\/2026\/wp-json\/wp\/v2\/users\/2"}],"replies":[{"embeddable":true,"href":"https:\/\/canal7slp.tv\/2026\/wp-json\/wp\/v2\/comments?post=184529"}],"version-history":[{"count":1,"href":"https:\/\/canal7slp.tv\/2026\/wp-json\/wp\/v2\/posts\/184529\/revisions"}],"predecessor-version":[{"id":184531,"href":"https:\/\/canal7slp.tv\/2026\/wp-json\/wp\/v2\/posts\/184529\/revisions\/184531"}],"wp:featuredmedia":[{"embeddable":true,"href":"https:\/\/canal7slp.tv\/2026\/wp-json\/wp\/v2\/media\/184530"}],"wp:attachment":[{"href":"https:\/\/canal7slp.tv\/2026\/wp-json\/wp\/v2\/media?parent=184529"}],"wp:term":[{"taxonomy":"category","embeddable":true,"href":"https:\/\/canal7slp.tv\/2026\/wp-json\/wp\/v2\/categories?post=184529"},{"taxonomy":"post_tag","embeddable":true,"href":"https:\/\/canal7slp.tv\/2026\/wp-json\/wp\/v2\/tags?post=184529"}],"curies":[{"name":"wp","href":"https:\/\/api.w.org\/{rel}","templated":true}]}}