{"id":184526,"date":"2025-11-10T14:30:33","date_gmt":"2025-11-10T20:30:33","guid":{"rendered":"https:\/\/canal7slp.tv\/2026\/?p=184526"},"modified":"2025-11-10T14:30:33","modified_gmt":"2025-11-10T20:30:33","slug":"grupo-salinas-amenaza-con-demandar-al-sat-y-acusa-a-la-corte-de-actuar-bajo-presion-politica","status":"publish","type":"post","link":"https:\/\/canal7slp.tv\/2026\/grupo-salinas-amenaza-con-demandar-al-sat-y-acusa-a-la-corte-de-actuar-bajo-presion-politica\/","title":{"rendered":"Grupo Salinas amenaza con demandar al SAT y acusa a la Corte de actuar bajo presi\u00f3n pol\u00edtica"},"content":{"rendered":"<p style=\"text-align: justify;\">M\u00e9xico.- Grupo Salinas anunci\u00f3 que eval\u00faa presentar una demanda contra el Servicio de Administraci\u00f3n Tributaria (SAT), al que acusa de \u201csilencio administrativo doloso\u201d y de violar su \u201cderecho humano a una justicia pronta\u201d, en medio de las resoluciones pendientes de la Suprema Corte de Justicia de la Naci\u00f3n (SCJN) sobre sus cr\u00e9ditos fiscales.<\/p>\n<p style=\"text-align: justify;\">En un comunicado, el conglomerado encabezado por Ricardo Salinas Pliego asegur\u00f3 que los ministros de la Corte estar\u00edan actuando bajo presi\u00f3n pol\u00edtica del Poder Ejecutivo, ante los fallos que se prev\u00e9 sean desfavorables para las empresas del grupo, como TV Azteca y Elektra.<\/p>\n<p style=\"text-align: justify;\">De acuerdo con la compa\u00f1\u00eda, existen al menos ocho casos en la SCJN relacionados con cr\u00e9ditos fiscales que, junto con multas y recargos, ascienden a unos 48 mil 394 millones de pesos. El grupo destac\u00f3 que, de esa cifra, 33 mil 477 millones corresponden a los expedientes m\u00e1s pr\u00f3ximos a resolverse.<\/p>\n<p style=\"text-align: justify;\">Grupo Salinas reiter\u00f3 su disposici\u00f3n a pagar \u201clo que es correcto\u201d, pero rechaz\u00f3 lo que considera \u201ccobros dobles abusivos, inconstitucionales e inmorales\u201d. Adem\u00e1s, advirti\u00f3 que si la Corte confirma los fallos en su contra, acudir\u00e1 a instancias internacionales, incluida la Corte Interamericana de Derechos Humanos.<\/p>\n<p style=\"text-align: justify;\">La SCJN tiene previsto resolver este jueves los \u00faltimos recursos interpuestos por Grupo Elektra y TV Azteca, los cuales ser\u00edan desechados por no plantear asuntos de relevancia constitucional ni de inter\u00e9s excepcional sobre la Ley del Impuesto sobre la Renta.<\/p>\n","protected":false},"excerpt":{"rendered":"<p>M\u00e9xico.- Grupo Salinas anunci\u00f3 que eval\u00faa presentar una demanda contra el Servicio de Administraci\u00f3n Tributaria (SAT), al que acusa de \u201csilencio administrativo doloso\u201d y de violar su \u201cderecho humano a una justicia pronta\u201d, en medio de las resoluciones pendientes de la Suprema Corte de Justicia de la Naci\u00f3n (SCJN) sobre sus cr\u00e9ditos fiscales. En un comunicado, el conglomerado encabezado por Ricardo Salinas Pliego asegur\u00f3 que los ministros de la Corte estar\u00edan actuando bajo presi\u00f3n pol\u00edtica del Poder Ejecutivo, ante los fallos que se prev\u00e9 sean desfavorables para las empresas del grupo, como TV Azteca y Elektra. De acuerdo con la [&hellip;]<\/p>\n","protected":false},"author":2,"featured_media":184527,"comment_status":"closed","ping_status":"closed","sticky":false,"template":"","format":"standard","meta":{"_monsterinsights_skip_tracking":false,"_monsterinsights_sitenote_active":false,"_monsterinsights_sitenote_note":"","_monsterinsights_sitenote_category":0,"footnotes":""},"categories":[46],"tags":[],"class_list":["post-184526","post","type-post","status-publish","format-standard","has-post-thumbnail","hentry","category-nacional","post--single"],"_links":{"self":[{"href":"https:\/\/canal7slp.tv\/2026\/wp-json\/wp\/v2\/posts\/184526","targetHints":{"allow":["GET"]}}],"collection":[{"href":"https:\/\/canal7slp.tv\/2026\/wp-json\/wp\/v2\/posts"}],"about":[{"href":"https:\/\/canal7slp.tv\/2026\/wp-json\/wp\/v2\/types\/post"}],"author":[{"embeddable":true,"href":"https:\/\/canal7slp.tv\/2026\/wp-json\/wp\/v2\/users\/2"}],"replies":[{"embeddable":true,"href":"https:\/\/canal7slp.tv\/2026\/wp-json\/wp\/v2\/comments?post=184526"}],"version-history":[{"count":1,"href":"https:\/\/canal7slp.tv\/2026\/wp-json\/wp\/v2\/posts\/184526\/revisions"}],"predecessor-version":[{"id":184528,"href":"https:\/\/canal7slp.tv\/2026\/wp-json\/wp\/v2\/posts\/184526\/revisions\/184528"}],"wp:featuredmedia":[{"embeddable":true,"href":"https:\/\/canal7slp.tv\/2026\/wp-json\/wp\/v2\/media\/184527"}],"wp:attachment":[{"href":"https:\/\/canal7slp.tv\/2026\/wp-json\/wp\/v2\/media?parent=184526"}],"wp:term":[{"taxonomy":"category","embeddable":true,"href":"https:\/\/canal7slp.tv\/2026\/wp-json\/wp\/v2\/categories?post=184526"},{"taxonomy":"post_tag","embeddable":true,"href":"https:\/\/canal7slp.tv\/2026\/wp-json\/wp\/v2\/tags?post=184526"}],"curies":[{"name":"wp","href":"https:\/\/api.w.org\/{rel}","templated":true}]}}