{"id":184481,"date":"2025-11-09T22:48:39","date_gmt":"2025-11-10T04:48:39","guid":{"rendered":"https:\/\/canal7slp.tv\/2026\/?p=184481"},"modified":"2025-11-09T22:48:39","modified_gmt":"2025-11-10T04:48:39","slug":"con-una-misa-homenaje-y-aplausos-despiden-a-jorge-eduardo-estudiante-de-la-uaslp-asesinado-este-fin-de-semana","status":"publish","type":"post","link":"https:\/\/canal7slp.tv\/2026\/con-una-misa-homenaje-y-aplausos-despiden-a-jorge-eduardo-estudiante-de-la-uaslp-asesinado-este-fin-de-semana\/","title":{"rendered":"Con una misa, homenaje y aplausos, despiden a Jorge Eduardo, estudiante de la UASLP asesinado este fin de semana"},"content":{"rendered":"<p style=\"text-align: justify;\">SLP.- Universitarios, trabajadores, funcionariado, familiares y personas allegadas dieron el \u00faltimo adi\u00f3s y honraron la memoria de Jorge Eduardo D\u00e1vila Ram\u00edrez -alumno de la Facultad de Estomatolog\u00eda de la Universidad Aut\u00f3noma de San Luis Potos\u00ed (UASLP)-.<\/p>\n<p style=\"text-align: justify;\">Tanto acad\u00e9micos como estudiantes y sociedad en general han externado consternaci\u00f3n, ya que en un intento de asalto cerca de zona universitaria, propiciaron que perdiera la vida.<\/p>\n<p style=\"text-align: justify;\">El joven considerado brillante -quien realizaba su servicio en el Departamento de Cirug\u00eda Maxilofacial- trascendi\u00f3 que fue auxiliado y trasladado al Hospital Central.<br \/>\nPero no resisti\u00f3.<\/p>\n<p style=\"text-align: justify;\">Era hijo de una trabajadora del Ayuntamiento -a quien la administraci\u00f3n capitalina dio el sentido p\u00e9same-.<\/p>\n<p style=\"text-align: justify;\">De igual manera, una instituci\u00f3n educativa donde se form\u00f3, reconoci\u00f3 su legado y extern\u00f3 acompa\u00f1amiento a quienes sienten su p\u00e9rdida -con la oraci\u00f3n a Jes\u00fas Verbo Encarnado- a fin de que tengan fortaleza.<\/p>\n<p style=\"text-align: justify;\">Cabe se\u00f1alar que estudiantado de la universidad, han referido que desde hace meses, los incidentes de inseguridad se dan con frecuencia.<\/p>\n<p style=\"text-align: justify;\">La exigencia de intervenci\u00f3n oportuna es permanente.<\/p>\n<p style=\"text-align: justify;\">Samuel \u00c1lvarez Bernal -sacerdote que ofici\u00f3 la misa de despedida- record\u00f3 a Jorge Eduardo como un estudiante que se esmeraba enormemente -un ejemplo a seguir-.<\/p>\n<p style=\"text-align: justify;\">Fue expresado que Jorge Eduardo inspiraba alegr\u00eda.<\/p>\n<p style=\"text-align: justify;\">Estaba comprometido con sus estudios y era atento con sus familiares.<\/p>\n<p style=\"text-align: justify;\">La petici\u00f3n fue que se le recuerde como un gu\u00eda que inspiraba y era tenaz.<\/p>\n<p style=\"text-align: justify;\">Una vez concluida la misa, su cuerpo fue trasladado para su sitio de descanso eterno.<\/p>\n<p>Por: Paulina Rodr\u00edguez<\/p>\n","protected":false},"excerpt":{"rendered":"<p>SLP.- Universitarios, trabajadores, funcionariado, familiares y personas allegadas dieron el \u00faltimo adi\u00f3s y honraron la memoria de Jorge Eduardo D\u00e1vila Ram\u00edrez -alumno de la Facultad de Estomatolog\u00eda de la Universidad Aut\u00f3noma de San Luis Potos\u00ed (UASLP)-. Tanto acad\u00e9micos como estudiantes y sociedad en general han externado consternaci\u00f3n, ya que en un intento de asalto cerca de zona universitaria, propiciaron que perdiera la vida. El joven considerado brillante -quien realizaba su servicio en el Departamento de Cirug\u00eda Maxilofacial- trascendi\u00f3 que fue auxiliado y trasladado al Hospital Central. Pero no resisti\u00f3. Era hijo de una trabajadora del Ayuntamiento -a quien la administraci\u00f3n [&hellip;]<\/p>\n","protected":false},"author":2,"featured_media":184497,"comment_status":"closed","ping_status":"closed","sticky":false,"template":"","format":"video","meta":{"_monsterinsights_skip_tracking":false,"_monsterinsights_sitenote_active":false,"_monsterinsights_sitenote_note":"","_monsterinsights_sitenote_category":0,"footnotes":""},"categories":[5,45],"tags":[],"class_list":["post-184481","post","type-post","status-publish","format-video","has-post-thumbnail","hentry","category-destacadas","category-localesyregionales","post_format-post-format-video","post--single"],"_links":{"self":[{"href":"https:\/\/canal7slp.tv\/2026\/wp-json\/wp\/v2\/posts\/184481","targetHints":{"allow":["GET"]}}],"collection":[{"href":"https:\/\/canal7slp.tv\/2026\/wp-json\/wp\/v2\/posts"}],"about":[{"href":"https:\/\/canal7slp.tv\/2026\/wp-json\/wp\/v2\/types\/post"}],"author":[{"embeddable":true,"href":"https:\/\/canal7slp.tv\/2026\/wp-json\/wp\/v2\/users\/2"}],"replies":[{"embeddable":true,"href":"https:\/\/canal7slp.tv\/2026\/wp-json\/wp\/v2\/comments?post=184481"}],"version-history":[{"count":2,"href":"https:\/\/canal7slp.tv\/2026\/wp-json\/wp\/v2\/posts\/184481\/revisions"}],"predecessor-version":[{"id":184498,"href":"https:\/\/canal7slp.tv\/2026\/wp-json\/wp\/v2\/posts\/184481\/revisions\/184498"}],"wp:featuredmedia":[{"embeddable":true,"href":"https:\/\/canal7slp.tv\/2026\/wp-json\/wp\/v2\/media\/184497"}],"wp:attachment":[{"href":"https:\/\/canal7slp.tv\/2026\/wp-json\/wp\/v2\/media?parent=184481"}],"wp:term":[{"taxonomy":"category","embeddable":true,"href":"https:\/\/canal7slp.tv\/2026\/wp-json\/wp\/v2\/categories?post=184481"},{"taxonomy":"post_tag","embeddable":true,"href":"https:\/\/canal7slp.tv\/2026\/wp-json\/wp\/v2\/tags?post=184481"}],"curies":[{"name":"wp","href":"https:\/\/api.w.org\/{rel}","templated":true}]}}