{"id":184480,"date":"2025-11-09T22:53:39","date_gmt":"2025-11-10T04:53:39","guid":{"rendered":"https:\/\/canal7slp.tv\/2026\/?p=184480"},"modified":"2025-11-09T22:53:39","modified_gmt":"2025-11-10T04:53:39","slug":"cristalazo-dan-a-restaurante-de-la-avenida-carranza","status":"publish","type":"post","link":"https:\/\/canal7slp.tv\/2026\/cristalazo-dan-a-restaurante-de-la-avenida-carranza\/","title":{"rendered":"Cristalazo dan a restaurante de la avenida Carranza"},"content":{"rendered":"<p style=\"text-align: justify;\">SLP.- Un cristalazo fue registrado este fin de semana en conocido restaurante ubicado en la avenida Venustiano Carranza.<\/p>\n<p style=\"text-align: justify;\">El hecho reportado muy cerca del Centro Hist\u00f3rico, se suma a incidentes en la emblem\u00e1tica arteria, que han ameritado el despliegue de operativos o activaci\u00f3n de programas de vigilancia -aunado a la intervenci\u00f3n en complejos-.<\/p>\n<p style=\"text-align: justify;\">En la avenida, cabe recordar que tambi\u00e9n se ha alertado sobre la desocupaci\u00f3n de inmuebles o locales en renta.<\/p>\n<p style=\"text-align: justify;\">Se ha llamado a las autoridades a implementar pol\u00edticas p\u00fablicas en la zona, a fin que la situaci\u00f3n mejore.<\/p>\n<p style=\"text-align: justify;\">Trascendi\u00f3 que los da\u00f1os fueron notificados y se dio inicio a una carpeta de investigaci\u00f3n -al parecer por da\u00f1o a propiedad y tentativa de robo-.<\/p>\n<p>Por: Paulina Rodr\u00edguez<\/p>\n","protected":false},"excerpt":{"rendered":"<p>SLP.- Un cristalazo fue registrado este fin de semana en conocido restaurante ubicado en la avenida Venustiano Carranza. El hecho reportado muy cerca del Centro Hist\u00f3rico, se suma a incidentes en la emblem\u00e1tica arteria, que han ameritado el despliegue de operativos o activaci\u00f3n de programas de vigilancia -aunado a la intervenci\u00f3n en complejos-. En la avenida, cabe recordar que tambi\u00e9n se ha alertado sobre la desocupaci\u00f3n de inmuebles o locales en renta. Se ha llamado a las autoridades a implementar pol\u00edticas p\u00fablicas en la zona, a fin que la situaci\u00f3n mejore. Trascendi\u00f3 que los da\u00f1os fueron notificados y se dio [&hellip;]<\/p>\n","protected":false},"author":2,"featured_media":184500,"comment_status":"closed","ping_status":"closed","sticky":false,"template":"","format":"video","meta":{"_monsterinsights_skip_tracking":false,"_monsterinsights_sitenote_active":false,"_monsterinsights_sitenote_note":"","_monsterinsights_sitenote_category":0,"footnotes":""},"categories":[5,45],"tags":[],"class_list":["post-184480","post","type-post","status-publish","format-video","has-post-thumbnail","hentry","category-destacadas","category-localesyregionales","post_format-post-format-video","post--single"],"_links":{"self":[{"href":"https:\/\/canal7slp.tv\/2026\/wp-json\/wp\/v2\/posts\/184480","targetHints":{"allow":["GET"]}}],"collection":[{"href":"https:\/\/canal7slp.tv\/2026\/wp-json\/wp\/v2\/posts"}],"about":[{"href":"https:\/\/canal7slp.tv\/2026\/wp-json\/wp\/v2\/types\/post"}],"author":[{"embeddable":true,"href":"https:\/\/canal7slp.tv\/2026\/wp-json\/wp\/v2\/users\/2"}],"replies":[{"embeddable":true,"href":"https:\/\/canal7slp.tv\/2026\/wp-json\/wp\/v2\/comments?post=184480"}],"version-history":[{"count":2,"href":"https:\/\/canal7slp.tv\/2026\/wp-json\/wp\/v2\/posts\/184480\/revisions"}],"predecessor-version":[{"id":184501,"href":"https:\/\/canal7slp.tv\/2026\/wp-json\/wp\/v2\/posts\/184480\/revisions\/184501"}],"wp:featuredmedia":[{"embeddable":true,"href":"https:\/\/canal7slp.tv\/2026\/wp-json\/wp\/v2\/media\/184500"}],"wp:attachment":[{"href":"https:\/\/canal7slp.tv\/2026\/wp-json\/wp\/v2\/media?parent=184480"}],"wp:term":[{"taxonomy":"category","embeddable":true,"href":"https:\/\/canal7slp.tv\/2026\/wp-json\/wp\/v2\/categories?post=184480"},{"taxonomy":"post_tag","embeddable":true,"href":"https:\/\/canal7slp.tv\/2026\/wp-json\/wp\/v2\/tags?post=184480"}],"curies":[{"name":"wp","href":"https:\/\/api.w.org\/{rel}","templated":true}]}}