{"id":184463,"date":"2025-11-09T13:34:28","date_gmt":"2025-11-09T19:34:28","guid":{"rendered":"https:\/\/canal7slp.tv\/2026\/?p=184463"},"modified":"2025-11-09T13:34:28","modified_gmt":"2025-11-09T19:34:28","slug":"nacen-quintillizos-en-alemania","status":"publish","type":"post","link":"https:\/\/canal7slp.tv\/2026\/nacen-quintillizos-en-alemania\/","title":{"rendered":"Nacen quintillizos en Alemania"},"content":{"rendered":"<ul style=\"text-align: justify;\">\n<li>El parto prematuro se realiz\u00f3 en la semana 28 y los cinco beb\u00e9s evolucionan favorablemente.<\/li>\n<\/ul>\n<p style=\"text-align: justify;\">Berl\u00edn.- Unos quintillizos, dos ni\u00f1as y tres ni\u00f1os, nacieron a finales de septiembre en el hospital La Charit\u00e9, en un hecho que los m\u00e9dicos calificaron como una \u201crareza m\u00e9dica\u201d, ya que ocurre de forma natural solo en uno de cada cincuenta millones de embarazos.<\/p>\n<p style=\"text-align: justify;\">El nacimiento se llev\u00f3 a cabo por ces\u00e1rea antes de la semana 28 de gestaci\u00f3n, casi tres meses antes de un embarazo a t\u00e9rmino. Tanto la madre como los reci\u00e9n nacidos se encuentran en buen estado de salud, aunque los beb\u00e9s permanecen bajo observaci\u00f3n en la Cl\u00ednica de Neonatolog\u00eda, donde evolucionan de forma \u201cmuy satisfactoria\u201d, inform\u00f3 el hospital.<\/p>\n<p style=\"text-align: justify;\">El doctor Wolfgang Henrich, director de la Cl\u00ednica de Medicina Obst\u00e9trica, destac\u00f3 que este tipo de parto representa \u201cun acontecimiento extraordinario y un reto log\u00edstico especial\u201d, ya que requiri\u00f3 la intervenci\u00f3n de un equipo interdisciplinario de 25 profesionales durante la ces\u00e1rea.<\/p>\n<p style=\"text-align: justify;\">\n","protected":false},"excerpt":{"rendered":"<p>El parto prematuro se realiz\u00f3 en la semana 28 y los cinco beb\u00e9s evolucionan favorablemente. Berl\u00edn.- Unos quintillizos, dos ni\u00f1as y tres ni\u00f1os, nacieron a finales de septiembre en el hospital La Charit\u00e9, en un hecho que los m\u00e9dicos calificaron como una \u201crareza m\u00e9dica\u201d, ya que ocurre de forma natural solo en uno de cada cincuenta millones de embarazos. El nacimiento se llev\u00f3 a cabo por ces\u00e1rea antes de la semana 28 de gestaci\u00f3n, casi tres meses antes de un embarazo a t\u00e9rmino. Tanto la madre como los reci\u00e9n nacidos se encuentran en buen estado de salud, aunque los beb\u00e9s [&hellip;]<\/p>\n","protected":false},"author":2,"featured_media":184464,"comment_status":"closed","ping_status":"closed","sticky":false,"template":"","format":"standard","meta":{"_monsterinsights_skip_tracking":false,"_monsterinsights_sitenote_active":false,"_monsterinsights_sitenote_note":"","_monsterinsights_sitenote_category":0,"footnotes":""},"categories":[44],"tags":[],"class_list":["post-184463","post","type-post","status-publish","format-standard","has-post-thumbnail","hentry","category-internacional","post--single"],"_links":{"self":[{"href":"https:\/\/canal7slp.tv\/2026\/wp-json\/wp\/v2\/posts\/184463","targetHints":{"allow":["GET"]}}],"collection":[{"href":"https:\/\/canal7slp.tv\/2026\/wp-json\/wp\/v2\/posts"}],"about":[{"href":"https:\/\/canal7slp.tv\/2026\/wp-json\/wp\/v2\/types\/post"}],"author":[{"embeddable":true,"href":"https:\/\/canal7slp.tv\/2026\/wp-json\/wp\/v2\/users\/2"}],"replies":[{"embeddable":true,"href":"https:\/\/canal7slp.tv\/2026\/wp-json\/wp\/v2\/comments?post=184463"}],"version-history":[{"count":1,"href":"https:\/\/canal7slp.tv\/2026\/wp-json\/wp\/v2\/posts\/184463\/revisions"}],"predecessor-version":[{"id":184465,"href":"https:\/\/canal7slp.tv\/2026\/wp-json\/wp\/v2\/posts\/184463\/revisions\/184465"}],"wp:featuredmedia":[{"embeddable":true,"href":"https:\/\/canal7slp.tv\/2026\/wp-json\/wp\/v2\/media\/184464"}],"wp:attachment":[{"href":"https:\/\/canal7slp.tv\/2026\/wp-json\/wp\/v2\/media?parent=184463"}],"wp:term":[{"taxonomy":"category","embeddable":true,"href":"https:\/\/canal7slp.tv\/2026\/wp-json\/wp\/v2\/categories?post=184463"},{"taxonomy":"post_tag","embeddable":true,"href":"https:\/\/canal7slp.tv\/2026\/wp-json\/wp\/v2\/tags?post=184463"}],"curies":[{"name":"wp","href":"https:\/\/api.w.org\/{rel}","templated":true}]}}