{"id":184453,"date":"2025-11-09T12:15:49","date_gmt":"2025-11-09T18:15:49","guid":{"rendered":"https:\/\/canal7slp.tv\/2026\/?p=184453"},"modified":"2025-12-09T19:52:30","modified_gmt":"2025-12-10T01:52:30","slug":"seis-muertos-y-750-heridos-tras-tornado-que-arrasa-rio-bonito-do-iguacu-en-brasil","status":"publish","type":"post","link":"https:\/\/canal7slp.tv\/2026\/seis-muertos-y-750-heridos-tras-tornado-que-arrasa-rio-bonito-do-iguacu-en-brasil\/","title":{"rendered":"Seis muertos y 750 heridos tras tornado que arrasa Rio Bonito do Igua\u00e7u en Brasil"},"content":{"rendered":"<p style=\"text-align: justify;\">\n<p style=\"text-align: justify;\">Paran\u00e1.- Las autoridades de Brasil confirmaron la muerte de seis personas y reportaron 750 heridos, nueve de ellos en estado grave, tras el devastador tornado que azot\u00f3 el viernes la localidad de Rio Bonito do Igua\u00e7u, en el estado de Paran\u00e1. El fen\u00f3meno, con vientos que alcanzaron los 250 kil\u00f3metros por hora, arras\u00f3 cerca del 90% de la<\/p>\n<p style=\"text-align: justify;\">Seis muertos y 750 heridos tras tornado que arrasa Rio Bonito do Igua\u00e7u en Brasil<\/p>\n<p style=\"text-align: justify;\">Paran\u00e1.- Las autoridades de Brasil confirmaron la muerte de seis personas y reportaron 750 heridos, nueve de ellos en estado grave, tras el devastador tornado que azot\u00f3 el viernes la localidad de Rio Bonito do Igua\u00e7u, en el estado de Paran\u00e1. El fen\u00f3meno, con vientos que alcanzaron los 250 kil\u00f3metros por hora, arras\u00f3 cerca del 90% de la ciudad, que cuenta con unos 14 mil habitantes.<\/p>\n<p style=\"text-align: justify;\">El gobierno estatal decret\u00f3 estado de calamidad p\u00fablica, lo que permitir\u00e1 liberar recursos de emergencia para atender a la poblaci\u00f3n afectada. Brigadas de rescate contin\u00faan las labores de b\u00fasqueda, mientras una persona sigue desaparecida, cifra que podr\u00eda aumentar en las pr\u00f3ximas horas.<\/p>\n<p style=\"text-align: justify;\">El presidente Luiz In\u00e1cio Lula da Silva expres\u00f3 sus condolencias a las familias de las v\u00edctimas y anunci\u00f3 el env\u00edo de ministros y expertos en desastres hacia la zona. El coronel Fernando Schunig, director de Defensa Civil de Paran\u00e1, describi\u00f3 el panorama como \u201cuna escena de guerra\u201d, advirtiendo que a\u00fan podr\u00edan hallarse m\u00e1s v\u00edctimas.<\/p>\n<p style=\"text-align: justify;\">El tornado forma parte de un cicl\u00f3n extratropical que tambi\u00e9n afecta a los estados de Santa Catarina y Rio Grande do Sul, en medio de alertas por tormentas en todo el sur de Brasil y a pocos d\u00edas del inicio de la COP30 sobre cambio clim\u00e1tico en Bel\u00e9m.<\/p>\n<p style=\"text-align: justify;\">ciudad, que cuenta con unos 14 mil habitantes.<\/p>\n<p style=\"text-align: justify;\">El gobierno estatal decret\u00f3 estado de calamidad p\u00fablica, lo que permitir\u00e1 liberar recursos de emergencia para atender a la poblaci\u00f3n afectada. Brigadas de rescate contin\u00faan las labores de b\u00fasqueda, mientras una persona sigue desaparecida, cifra que podr\u00eda aumentar en las pr\u00f3ximas horas.<\/p>\n<p style=\"text-align: justify;\">El presidente Luiz In\u00e1cio Lula da Silva expres\u00f3 sus condolencias a las familias de las v\u00edctimas y anunci\u00f3 el env\u00edo de ministros y expertos en desastres hacia la zona. El coronel Fernando Schunig, director de Defensa Civil de Paran\u00e1, describi\u00f3 el panorama como \u201cuna escena de guerra\u201d, advirtiendo que a\u00fan podr\u00edan hallarse m\u00e1s v\u00edctimas.<\/p>\n<p style=\"text-align: justify;\">El tornado forma parte de un cicl\u00f3n extratropical que tambi\u00e9n afecta a los estados de Santa Catarina y Rio Grande do Sul, en medio de alertas por tormentas en todo el sur de Brasil y a pocos d\u00edas del inicio de la COP30 sobre cambio clim\u00e1tico en Bel\u00e9m.<\/p>\n","protected":false},"excerpt":{"rendered":"<p>Paran\u00e1.- Las autoridades de Brasil confirmaron la muerte de seis personas y reportaron 750 heridos, nueve de ellos en estado grave, tras el devastador tornado que azot\u00f3 el viernes la localidad de Rio Bonito do Igua\u00e7u, en el estado de Paran\u00e1. El fen\u00f3meno, con vientos que alcanzaron los 250 kil\u00f3metros por hora, arras\u00f3 cerca del 90% de la Seis muertos y 750 heridos tras tornado que arrasa Rio Bonito do Igua\u00e7u en Brasil Paran\u00e1.- Las autoridades de Brasil confirmaron la muerte de seis personas y reportaron 750 heridos, nueve de ellos en estado grave, tras el devastador tornado que azot\u00f3 [&hellip;]<\/p>\n","protected":false},"author":2,"featured_media":184455,"comment_status":"closed","ping_status":"closed","sticky":false,"template":"","format":"standard","meta":{"_monsterinsights_skip_tracking":false,"_monsterinsights_sitenote_active":false,"_monsterinsights_sitenote_note":"","_monsterinsights_sitenote_category":0,"footnotes":""},"categories":[44],"tags":[],"class_list":["post-184453","post","type-post","status-publish","format-standard","has-post-thumbnail","hentry","category-internacional","post--single"],"_links":{"self":[{"href":"https:\/\/canal7slp.tv\/2026\/wp-json\/wp\/v2\/posts\/184453","targetHints":{"allow":["GET"]}}],"collection":[{"href":"https:\/\/canal7slp.tv\/2026\/wp-json\/wp\/v2\/posts"}],"about":[{"href":"https:\/\/canal7slp.tv\/2026\/wp-json\/wp\/v2\/types\/post"}],"author":[{"embeddable":true,"href":"https:\/\/canal7slp.tv\/2026\/wp-json\/wp\/v2\/users\/2"}],"replies":[{"embeddable":true,"href":"https:\/\/canal7slp.tv\/2026\/wp-json\/wp\/v2\/comments?post=184453"}],"version-history":[{"count":1,"href":"https:\/\/canal7slp.tv\/2026\/wp-json\/wp\/v2\/posts\/184453\/revisions"}],"predecessor-version":[{"id":184456,"href":"https:\/\/canal7slp.tv\/2026\/wp-json\/wp\/v2\/posts\/184453\/revisions\/184456"}],"wp:featuredmedia":[{"embeddable":true,"href":"https:\/\/canal7slp.tv\/2026\/wp-json\/wp\/v2\/media\/184455"}],"wp:attachment":[{"href":"https:\/\/canal7slp.tv\/2026\/wp-json\/wp\/v2\/media?parent=184453"}],"wp:term":[{"taxonomy":"category","embeddable":true,"href":"https:\/\/canal7slp.tv\/2026\/wp-json\/wp\/v2\/categories?post=184453"},{"taxonomy":"post_tag","embeddable":true,"href":"https:\/\/canal7slp.tv\/2026\/wp-json\/wp\/v2\/tags?post=184453"}],"curies":[{"name":"wp","href":"https:\/\/api.w.org\/{rel}","templated":true}]}}