{"id":184433,"date":"2025-11-10T09:27:54","date_gmt":"2025-11-10T15:27:54","guid":{"rendered":"https:\/\/canal7slp.tv\/2026\/?p=184433"},"modified":"2025-11-10T09:27:54","modified_gmt":"2025-11-10T15:27:54","slug":"buen-fin-genera-buenas-expectativas-en-el-municipio-de-soledad-de-graciano-sanchez","status":"publish","type":"post","link":"https:\/\/canal7slp.tv\/2026\/buen-fin-genera-buenas-expectativas-en-el-municipio-de-soledad-de-graciano-sanchez\/","title":{"rendered":"Buen Fin genera buenas expectativas en el municipio de Soledad de Graciano S\u00e1nchez"},"content":{"rendered":"<p style=\"text-align: justify;\"><span style=\"font-size: 1.21429rem;\">SGS.- Desde el pr\u00f3ximo jueves 13 de Noviembre y hasta el lunes 17 del mismo mes se llevar\u00e1 a cabo en todo el pa\u00eds el Buen Fin, uno de los eventos m\u00e1s esperados del a\u00f1o por los consumidores.<\/span><\/p>\n<p style=\"text-align: justify;\">En este contexto, el director de Desarrollo Econ\u00f3mico de Soledad de Graciano S\u00e1nchez H\u00e9ctor Andrade, afirm\u00f3 que en lo que se refiere a este municipio se tienen buenas expectativas con ventas que dijo, se espera que sean por arriba del 30 por ciento.<\/p>\n<p style=\"text-align: justify;\">En otro orden de ideas el funcionario coment\u00f3 que en este municipio se ha incrementado la colocaci\u00f3n de empleos que promueve la dependencia a su cargo, a trav\u00e9s de las bolsas de trabajo.<\/p>\n<p style=\"text-align: justify;\">En este sentido, afirm\u00f3 que se ha registrado un significativo repunte principalmente entre la poblaci\u00f3n joven, al decir que se han logrado colocar mil 500 empleos con las prestaciones de ley.<\/p>\n<p style=\"text-align: justify;\">Por: Claudio Ibarra<\/p>\n","protected":false},"excerpt":{"rendered":"<p>SGS.- Desde el pr\u00f3ximo jueves 13 de Noviembre y hasta el lunes 17 del mismo mes se llevar\u00e1 a cabo en todo el pa\u00eds el Buen Fin, uno de los eventos m\u00e1s esperados del a\u00f1o por los consumidores. En este contexto, el director de Desarrollo Econ\u00f3mico de Soledad de Graciano S\u00e1nchez H\u00e9ctor Andrade, afirm\u00f3 que en lo que se refiere a este municipio se tienen buenas expectativas con ventas que dijo, se espera que sean por arriba del 30 por ciento. En otro orden de ideas el funcionario coment\u00f3 que en este municipio se ha incrementado la colocaci\u00f3n de empleos [&hellip;]<\/p>\n","protected":false},"author":2,"featured_media":184506,"comment_status":"closed","ping_status":"closed","sticky":false,"template":"","format":"video","meta":{"_monsterinsights_skip_tracking":false,"_monsterinsights_sitenote_active":false,"_monsterinsights_sitenote_note":"","_monsterinsights_sitenote_category":0,"footnotes":""},"categories":[512,5,45],"tags":[],"class_list":["post-184433","post","type-post","status-publish","format-video","has-post-thumbnail","hentry","category-ayosgs","category-destacadas","category-localesyregionales","post_format-post-format-video","post--single"],"_links":{"self":[{"href":"https:\/\/canal7slp.tv\/2026\/wp-json\/wp\/v2\/posts\/184433","targetHints":{"allow":["GET"]}}],"collection":[{"href":"https:\/\/canal7slp.tv\/2026\/wp-json\/wp\/v2\/posts"}],"about":[{"href":"https:\/\/canal7slp.tv\/2026\/wp-json\/wp\/v2\/types\/post"}],"author":[{"embeddable":true,"href":"https:\/\/canal7slp.tv\/2026\/wp-json\/wp\/v2\/users\/2"}],"replies":[{"embeddable":true,"href":"https:\/\/canal7slp.tv\/2026\/wp-json\/wp\/v2\/comments?post=184433"}],"version-history":[{"count":2,"href":"https:\/\/canal7slp.tv\/2026\/wp-json\/wp\/v2\/posts\/184433\/revisions"}],"predecessor-version":[{"id":184505,"href":"https:\/\/canal7slp.tv\/2026\/wp-json\/wp\/v2\/posts\/184433\/revisions\/184505"}],"wp:featuredmedia":[{"embeddable":true,"href":"https:\/\/canal7slp.tv\/2026\/wp-json\/wp\/v2\/media\/184506"}],"wp:attachment":[{"href":"https:\/\/canal7slp.tv\/2026\/wp-json\/wp\/v2\/media?parent=184433"}],"wp:term":[{"taxonomy":"category","embeddable":true,"href":"https:\/\/canal7slp.tv\/2026\/wp-json\/wp\/v2\/categories?post=184433"},{"taxonomy":"post_tag","embeddable":true,"href":"https:\/\/canal7slp.tv\/2026\/wp-json\/wp\/v2\/tags?post=184433"}],"curies":[{"name":"wp","href":"https:\/\/api.w.org\/{rel}","templated":true}]}}