{"id":184369,"date":"2025-11-07T18:19:54","date_gmt":"2025-11-08T00:19:54","guid":{"rendered":"https:\/\/canal7slp.tv\/2026\/?p=184369"},"modified":"2025-11-07T18:19:54","modified_gmt":"2025-11-08T00:19:54","slug":"fue-inaugurada-la-edicion-42-de-la-feria-de-la-vivienda-de-san-luis-potosi","status":"publish","type":"post","link":"https:\/\/canal7slp.tv\/2026\/fue-inaugurada-la-edicion-42-de-la-feria-de-la-vivienda-de-san-luis-potosi\/","title":{"rendered":"Fue inaugurada la edici\u00f3n 42 de la Feria de la Vivienda de San Luis Potos\u00ed"},"content":{"rendered":"<p style=\"text-align: justify;\"><span style=\"font-size: 1.21429rem;\">SLP.- Autoridades de gobierno y miembros de la iniciativa privada dieron por inaugurada la edici\u00f3n 42 de la Feria de la Vivienda en San Luis Potos\u00ed.<\/span><\/p>\n<p style=\"text-align: justify;\">El presidente de la C\u00e1mara Nacional de la Industria de Desarrollo y Promoci\u00f3n de Vivienda, Francisco Torres Ocejo, destac\u00f3 la celebraci\u00f3n del evento.<\/p>\n<p style=\"text-align: justify;\">\u201cLos recibimos a todos aqu\u00ed en la 42 Feria de la Vivienda con m\u00e1s de 20 a\u00f1os ya haciendo estos eventos por parte de la Canadevi, ofreciendo la mayor\u00eda de la oferta que se tiene en San Luis Potos\u00ed\u201d.<\/p>\n<p style=\"text-align: justify;\">M\u00faltiples espacios con costos diversos se ofertar\u00e1n en noviembre en la feria que se ubica en el estacionamiento de una plaza comercial ubicada en la carretera 57.<\/p>\n<p style=\"text-align: justify;\">\u201cTenemos m\u00e1s de 20 conjuntos habitacionales con m\u00e1s de 100 diferentes ubicaciones en los diferentes municipios que aqu\u00ed nos acompa\u00f1an las autoridades\u201d.<\/p>\n<p style=\"text-align: justify;\">El presidente de la Alianza Empresarial, Luis Gerardo Ortu\u00f1o D\u00edaz Infante, asever\u00f3 que las ferias de la vivienda acercan a los trabajadores a una gran oportunidad de desarrollo.<\/p>\n<p style=\"text-align: justify;\">\u201cEste tipo de eventos que de alguna manera acerca a nuestra comunidad empresarial, a nuestra principal familia que vienen siendo nuestros colaboradores, el que pueden tener la oportunidad de tener una vivienda, de tener un terreno, de tener un departamento que de alguna manera es su principal patrimonio\u201d.<\/p>\n<p>Por: Juan Carlos Contreras<\/p>\n","protected":false},"excerpt":{"rendered":"<p>SLP.- Autoridades de gobierno y miembros de la iniciativa privada dieron por inaugurada la edici\u00f3n 42 de la Feria de la Vivienda en San Luis Potos\u00ed. El presidente de la C\u00e1mara Nacional de la Industria de Desarrollo y Promoci\u00f3n de Vivienda, Francisco Torres Ocejo, destac\u00f3 la celebraci\u00f3n del evento. \u201cLos recibimos a todos aqu\u00ed en la 42 Feria de la Vivienda con m\u00e1s de 20 a\u00f1os ya haciendo estos eventos por parte de la Canadevi, ofreciendo la mayor\u00eda de la oferta que se tiene en San Luis Potos\u00ed\u201d. M\u00faltiples espacios con costos diversos se ofertar\u00e1n en noviembre en la feria [&hellip;]<\/p>\n","protected":false},"author":2,"featured_media":184372,"comment_status":"closed","ping_status":"closed","sticky":false,"template":"","format":"video","meta":{"_monsterinsights_skip_tracking":false,"_monsterinsights_sitenote_active":false,"_monsterinsights_sitenote_note":"","_monsterinsights_sitenote_category":0,"footnotes":""},"categories":[66,5,45],"tags":[],"class_list":["post-184369","post","type-post","status-publish","format-video","has-post-thumbnail","hentry","category-ayoslp","category-destacadas","category-localesyregionales","post_format-post-format-video","post--single"],"_links":{"self":[{"href":"https:\/\/canal7slp.tv\/2026\/wp-json\/wp\/v2\/posts\/184369","targetHints":{"allow":["GET"]}}],"collection":[{"href":"https:\/\/canal7slp.tv\/2026\/wp-json\/wp\/v2\/posts"}],"about":[{"href":"https:\/\/canal7slp.tv\/2026\/wp-json\/wp\/v2\/types\/post"}],"author":[{"embeddable":true,"href":"https:\/\/canal7slp.tv\/2026\/wp-json\/wp\/v2\/users\/2"}],"replies":[{"embeddable":true,"href":"https:\/\/canal7slp.tv\/2026\/wp-json\/wp\/v2\/comments?post=184369"}],"version-history":[{"count":2,"href":"https:\/\/canal7slp.tv\/2026\/wp-json\/wp\/v2\/posts\/184369\/revisions"}],"predecessor-version":[{"id":184373,"href":"https:\/\/canal7slp.tv\/2026\/wp-json\/wp\/v2\/posts\/184369\/revisions\/184373"}],"wp:featuredmedia":[{"embeddable":true,"href":"https:\/\/canal7slp.tv\/2026\/wp-json\/wp\/v2\/media\/184372"}],"wp:attachment":[{"href":"https:\/\/canal7slp.tv\/2026\/wp-json\/wp\/v2\/media?parent=184369"}],"wp:term":[{"taxonomy":"category","embeddable":true,"href":"https:\/\/canal7slp.tv\/2026\/wp-json\/wp\/v2\/categories?post=184369"},{"taxonomy":"post_tag","embeddable":true,"href":"https:\/\/canal7slp.tv\/2026\/wp-json\/wp\/v2\/tags?post=184369"}],"curies":[{"name":"wp","href":"https:\/\/api.w.org\/{rel}","templated":true}]}}