{"id":184344,"date":"2025-11-07T16:41:42","date_gmt":"2025-11-07T22:41:42","guid":{"rendered":"https:\/\/canal7slp.tv\/2026\/?p=184344"},"modified":"2025-11-07T16:41:42","modified_gmt":"2025-11-07T22:41:42","slug":"conmemoran-en-slp-el-legado-del-heroe-de-nacozari","status":"publish","type":"post","link":"https:\/\/canal7slp.tv\/2026\/conmemoran-en-slp-el-legado-del-heroe-de-nacozari\/","title":{"rendered":"Conmemoran en SLP el legado del \u00abH\u00e9roe de Nacozari\u00bb"},"content":{"rendered":"<p style=\"text-align: justify;\"><span style=\"font-size: 1.21429rem;\">SLP.- San Luis Potos\u00ed conmemor\u00f3 este 7 de noviembre el D\u00eda del Ferrocarrilero con un homenaje a Jes\u00fas Garc\u00eda Corona, conocido como \u201cEl H\u00e9roe de Nacozari\u201d, al cumplirse 118 a\u00f1os de la gesta en la que sacrific\u00f3 su vida para evitar una tragedia mayor ocasionada por un tren cargado con dinamita.<\/span><\/p>\n<p style=\"text-align: justify;\">El acto se llev\u00f3 a cabo a las 9:30 horas en el Museo del Ferrocarril donde se realiz\u00f3 un reconocimiento p\u00fablico a su memoria y al impacto que su acci\u00f3n signific\u00f3 para la historia ferroviaria del pa\u00eds.<\/p>\n<p style=\"text-align: justify;\">Jes\u00fas Garc\u00eda Corona se volvi\u00f3 s\u00edmbolo nacional por evitar la explosi\u00f3n que habr\u00eda provocado la muerte de miles de habitantes del entonces naciente pueblo de Nacozari, Sonora, y su figura se mantiene como referente del hero\u00edsmo vinculado al ferrocarril y al servicio p\u00fablico.<\/p>\n<p style=\"text-align: justify;\">Con este homenaje, San Luis Potos\u00ed se suma nuevamente a las ceremonias nacionales que cada a\u00f1o recuerdan su haza\u00f1a, reforzando la importancia hist\u00f3rica, cultural y social del ferrocarril como parte de la identidad mexicana.<\/p>\n<p style=\"text-align: justify;\">Adem\u00e1s de este acto conmemorativo, el sector y asociaciones ferroviarias suelen aprovechar la fecha para promover la difusi\u00f3n hist\u00f3rica del sistema ferroviario mexicano, as\u00ed como su influencia en el desarrollo econ\u00f3mico y de conectividad del pa\u00eds en etapas clave del siglo XX.<\/p>\n<p style=\"text-align: justify;\">A lo largo del tiempo, el legado del \u201cH\u00e9roe de Nacozari\u201d ha trascendido generaciones y contin\u00faa transmiti\u00e9ndose en instituciones educativas, museos, organizaciones y comunidades ferroviarias, con el objetivo de reforzar la memoria colectiva sobre uno de los momentos mexicanos m\u00e1s emblem\u00e1ticos vinculados al transporte ferroviario.<\/p>\n<p>Por: Jos\u00e9 Luis V\u00e1zquez<\/p>\n","protected":false},"excerpt":{"rendered":"<p>SLP.- San Luis Potos\u00ed conmemor\u00f3 este 7 de noviembre el D\u00eda del Ferrocarrilero con un homenaje a Jes\u00fas Garc\u00eda Corona, conocido como \u201cEl H\u00e9roe de Nacozari\u201d, al cumplirse 118 a\u00f1os de la gesta en la que sacrific\u00f3 su vida para evitar una tragedia mayor ocasionada por un tren cargado con dinamita. El acto se llev\u00f3 a cabo a las 9:30 horas en el Museo del Ferrocarril donde se realiz\u00f3 un reconocimiento p\u00fablico a su memoria y al impacto que su acci\u00f3n signific\u00f3 para la historia ferroviaria del pa\u00eds. Jes\u00fas Garc\u00eda Corona se volvi\u00f3 s\u00edmbolo nacional por evitar la explosi\u00f3n que [&hellip;]<\/p>\n","protected":false},"author":2,"featured_media":184346,"comment_status":"closed","ping_status":"closed","sticky":false,"template":"","format":"video","meta":{"_monsterinsights_skip_tracking":false,"_monsterinsights_sitenote_active":false,"_monsterinsights_sitenote_note":"","_monsterinsights_sitenote_category":0,"footnotes":""},"categories":[5,45],"tags":[],"class_list":["post-184344","post","type-post","status-publish","format-video","has-post-thumbnail","hentry","category-destacadas","category-localesyregionales","post_format-post-format-video","post--single"],"_links":{"self":[{"href":"https:\/\/canal7slp.tv\/2026\/wp-json\/wp\/v2\/posts\/184344","targetHints":{"allow":["GET"]}}],"collection":[{"href":"https:\/\/canal7slp.tv\/2026\/wp-json\/wp\/v2\/posts"}],"about":[{"href":"https:\/\/canal7slp.tv\/2026\/wp-json\/wp\/v2\/types\/post"}],"author":[{"embeddable":true,"href":"https:\/\/canal7slp.tv\/2026\/wp-json\/wp\/v2\/users\/2"}],"replies":[{"embeddable":true,"href":"https:\/\/canal7slp.tv\/2026\/wp-json\/wp\/v2\/comments?post=184344"}],"version-history":[{"count":1,"href":"https:\/\/canal7slp.tv\/2026\/wp-json\/wp\/v2\/posts\/184344\/revisions"}],"predecessor-version":[{"id":184347,"href":"https:\/\/canal7slp.tv\/2026\/wp-json\/wp\/v2\/posts\/184344\/revisions\/184347"}],"wp:featuredmedia":[{"embeddable":true,"href":"https:\/\/canal7slp.tv\/2026\/wp-json\/wp\/v2\/media\/184346"}],"wp:attachment":[{"href":"https:\/\/canal7slp.tv\/2026\/wp-json\/wp\/v2\/media?parent=184344"}],"wp:term":[{"taxonomy":"category","embeddable":true,"href":"https:\/\/canal7slp.tv\/2026\/wp-json\/wp\/v2\/categories?post=184344"},{"taxonomy":"post_tag","embeddable":true,"href":"https:\/\/canal7slp.tv\/2026\/wp-json\/wp\/v2\/tags?post=184344"}],"curies":[{"name":"wp","href":"https:\/\/api.w.org\/{rel}","templated":true}]}}