{"id":184338,"date":"2025-11-07T15:46:27","date_gmt":"2025-11-07T21:46:27","guid":{"rendered":"https:\/\/canal7slp.tv\/2026\/?p=184338"},"modified":"2025-11-07T16:04:22","modified_gmt":"2025-11-07T22:04:22","slug":"vinculan-a-proceso-a-sujeto-que-acoso-a-sheinbaum-pardo-y-a-otras-dos-mujeres","status":"publish","type":"post","link":"https:\/\/canal7slp.tv\/2026\/vinculan-a-proceso-a-sujeto-que-acoso-a-sheinbaum-pardo-y-a-otras-dos-mujeres\/","title":{"rendered":"Vinculan a proceso a sujeto que acos\u00f3 a Sheinbaum Pardo y a otras dos mujeres"},"content":{"rendered":"<ul style=\"text-align: justify;\">\n<li>El acusado permanecer\u00e1 en prisi\u00f3n preventiva mientras la Fiscal\u00eda capitalina concluye la investigaci\u00f3n por abuso sexual.<\/li>\n<\/ul>\n<p style=\"text-align: justify;\">Ciudad de M\u00e9xico.- Un juez de control vincul\u00f3 a proceso a Uriel \u201cN\u201d, de 33 a\u00f1os, acusado de abuso sexual en agravio de tres mujeres, entre ellas la presidenta Claudia Sheinbaum, por los hechos ocurridos el 4 de noviembre en el Centro Hist\u00f3rico de la capital.<\/p>\n<p style=\"text-align: justify;\">El imputado permanecer\u00e1 en prisi\u00f3n preventiva justificada, mientras la Fiscal\u00eda General de Justicia de la Ciudad de M\u00e9xico (FGJCDMX) dispone de un mes para concluir la investigaci\u00f3n complementaria. La medida se sustenta en la denuncia presentada por la mandataria y en otra interpuesta de forma an\u00f3nima por una de las v\u00edctimas.<\/p>\n<p style=\"text-align: justify;\">De acuerdo con las autoridades, Uriel \u201cN\u201d fue detenido la noche del 4 de noviembre luego de que una joven de 25 a\u00f1os pidi\u00f3 auxilio a polic\u00edas tras sufrir tocamientos indebidos. Su detenci\u00f3n en el Paseo de la Condesa permiti\u00f3 relacionarlo posteriormente con los actos de acoso cometidos contra Sheinbaum y otra mujer en las calles Bol\u00edvar y Tacuba.<\/p>\n<p style=\"text-align: justify;\">La presidenta relat\u00f3 que no fue plenamente consciente del incidente hasta que su equipo de seguridad intervino y revis\u00f3 los videos del momento, donde se observa al agresor, en aparente estado de ebriedad, intentando abrazarla por la espalda y besarla en el cuello durante su recorrido cerca de Palacio Nacional.<\/p>\n","protected":false},"excerpt":{"rendered":"<p>El acusado permanecer\u00e1 en prisi\u00f3n preventiva mientras la Fiscal\u00eda capitalina concluye la investigaci\u00f3n por abuso sexual. Ciudad de M\u00e9xico.- Un juez de control vincul\u00f3 a proceso a Uriel \u201cN\u201d, de 33 a\u00f1os, acusado de abuso sexual en agravio de tres mujeres, entre ellas la presidenta Claudia Sheinbaum, por los hechos ocurridos el 4 de noviembre en el Centro Hist\u00f3rico de la capital. El imputado permanecer\u00e1 en prisi\u00f3n preventiva justificada, mientras la Fiscal\u00eda General de Justicia de la Ciudad de M\u00e9xico (FGJCDMX) dispone de un mes para concluir la investigaci\u00f3n complementaria. La medida se sustenta en la denuncia presentada por la [&hellip;]<\/p>\n","protected":false},"author":2,"featured_media":184339,"comment_status":"closed","ping_status":"closed","sticky":false,"template":"","format":"standard","meta":{"_monsterinsights_skip_tracking":false,"_monsterinsights_sitenote_active":false,"_monsterinsights_sitenote_note":"","_monsterinsights_sitenote_category":0,"footnotes":""},"categories":[46],"tags":[],"class_list":["post-184338","post","type-post","status-publish","format-standard","has-post-thumbnail","hentry","category-nacional","post--single"],"_links":{"self":[{"href":"https:\/\/canal7slp.tv\/2026\/wp-json\/wp\/v2\/posts\/184338","targetHints":{"allow":["GET"]}}],"collection":[{"href":"https:\/\/canal7slp.tv\/2026\/wp-json\/wp\/v2\/posts"}],"about":[{"href":"https:\/\/canal7slp.tv\/2026\/wp-json\/wp\/v2\/types\/post"}],"author":[{"embeddable":true,"href":"https:\/\/canal7slp.tv\/2026\/wp-json\/wp\/v2\/users\/2"}],"replies":[{"embeddable":true,"href":"https:\/\/canal7slp.tv\/2026\/wp-json\/wp\/v2\/comments?post=184338"}],"version-history":[{"count":1,"href":"https:\/\/canal7slp.tv\/2026\/wp-json\/wp\/v2\/posts\/184338\/revisions"}],"predecessor-version":[{"id":184340,"href":"https:\/\/canal7slp.tv\/2026\/wp-json\/wp\/v2\/posts\/184338\/revisions\/184340"}],"wp:featuredmedia":[{"embeddable":true,"href":"https:\/\/canal7slp.tv\/2026\/wp-json\/wp\/v2\/media\/184339"}],"wp:attachment":[{"href":"https:\/\/canal7slp.tv\/2026\/wp-json\/wp\/v2\/media?parent=184338"}],"wp:term":[{"taxonomy":"category","embeddable":true,"href":"https:\/\/canal7slp.tv\/2026\/wp-json\/wp\/v2\/categories?post=184338"},{"taxonomy":"post_tag","embeddable":true,"href":"https:\/\/canal7slp.tv\/2026\/wp-json\/wp\/v2\/tags?post=184338"}],"curies":[{"name":"wp","href":"https:\/\/api.w.org\/{rel}","templated":true}]}}