{"id":184321,"date":"2025-11-07T14:54:09","date_gmt":"2025-11-07T20:54:09","guid":{"rendered":"https:\/\/canal7slp.tv\/2026\/?p=184321"},"modified":"2025-11-07T14:54:09","modified_gmt":"2025-11-07T20:54:09","slug":"macron-llama-a-mexico-amigo-y-socio-estrategico-durante-su-visita-oficial-a-palacio-nacional","status":"publish","type":"post","link":"https:\/\/canal7slp.tv\/2026\/macron-llama-a-mexico-amigo-y-socio-estrategico-durante-su-visita-oficial-a-palacio-nacional\/","title":{"rendered":"Macron llama a M\u00e9xico \u201camigo y socio estrat\u00e9gico\u201d durante su visita oficial a Palacio Nacional"},"content":{"rendered":"<p style=\"text-align: justify;\">Ciudad de M\u00e9xico.- El presidente de Francia, Emmanuel Macron, calific\u00f3 a M\u00e9xico como \u201cun amigo y un socio estrat\u00e9gico\u201d, durante su visita oficial a este pa\u00eds, la primera de un l\u00edder europeo desde que Claudia Sheinbaum asumi\u00f3 la presidencia en octubre de 2024.<\/p>\n<p style=\"text-align: justify;\">En una conferencia de prensa conjunta celebrada en Palacio Nacional, Macron expres\u00f3 su voluntad de reforzar los lazos econ\u00f3micos, pol\u00edticos y culturales entre ambas naciones, subrayando que comparten \u201cvalores comunes\u201d como la defensa del multilateralismo, el combate al cambio clim\u00e1tico y la promoci\u00f3n de pol\u00edticas feministas.<\/p>\n<p style=\"text-align: justify;\">El mandatario franc\u00e9s afirm\u00f3 que con este encuentro se inaugura \u201cun nuevo cap\u00edtulo estrat\u00e9gico basado en el respeto, el multilateralismo y la soberan\u00eda de los Estados\u201d. Tambi\u00e9n destac\u00f3 la presencia de m\u00e1s de 700 empresas francesas en M\u00e9xico y record\u00f3 que M\u00e9xico es el principal inversor latinoamericano en Francia, lo que demuestra la solidez de la relaci\u00f3n bilateral.<\/p>\n","protected":false},"excerpt":{"rendered":"<p>Ciudad de M\u00e9xico.- El presidente de Francia, Emmanuel Macron, calific\u00f3 a M\u00e9xico como \u201cun amigo y un socio estrat\u00e9gico\u201d, durante su visita oficial a este pa\u00eds, la primera de un l\u00edder europeo desde que Claudia Sheinbaum asumi\u00f3 la presidencia en octubre de 2024. En una conferencia de prensa conjunta celebrada en Palacio Nacional, Macron expres\u00f3 su voluntad de reforzar los lazos econ\u00f3micos, pol\u00edticos y culturales entre ambas naciones, subrayando que comparten \u201cvalores comunes\u201d como la defensa del multilateralismo, el combate al cambio clim\u00e1tico y la promoci\u00f3n de pol\u00edticas feministas. El mandatario franc\u00e9s afirm\u00f3 que con este encuentro se inaugura \u201cun [&hellip;]<\/p>\n","protected":false},"author":2,"featured_media":184322,"comment_status":"closed","ping_status":"closed","sticky":false,"template":"","format":"standard","meta":{"_monsterinsights_skip_tracking":false,"_monsterinsights_sitenote_active":false,"_monsterinsights_sitenote_note":"","_monsterinsights_sitenote_category":0,"footnotes":""},"categories":[44,46],"tags":[],"class_list":["post-184321","post","type-post","status-publish","format-standard","has-post-thumbnail","hentry","category-internacional","category-nacional","post--single"],"_links":{"self":[{"href":"https:\/\/canal7slp.tv\/2026\/wp-json\/wp\/v2\/posts\/184321","targetHints":{"allow":["GET"]}}],"collection":[{"href":"https:\/\/canal7slp.tv\/2026\/wp-json\/wp\/v2\/posts"}],"about":[{"href":"https:\/\/canal7slp.tv\/2026\/wp-json\/wp\/v2\/types\/post"}],"author":[{"embeddable":true,"href":"https:\/\/canal7slp.tv\/2026\/wp-json\/wp\/v2\/users\/2"}],"replies":[{"embeddable":true,"href":"https:\/\/canal7slp.tv\/2026\/wp-json\/wp\/v2\/comments?post=184321"}],"version-history":[{"count":1,"href":"https:\/\/canal7slp.tv\/2026\/wp-json\/wp\/v2\/posts\/184321\/revisions"}],"predecessor-version":[{"id":184323,"href":"https:\/\/canal7slp.tv\/2026\/wp-json\/wp\/v2\/posts\/184321\/revisions\/184323"}],"wp:featuredmedia":[{"embeddable":true,"href":"https:\/\/canal7slp.tv\/2026\/wp-json\/wp\/v2\/media\/184322"}],"wp:attachment":[{"href":"https:\/\/canal7slp.tv\/2026\/wp-json\/wp\/v2\/media?parent=184321"}],"wp:term":[{"taxonomy":"category","embeddable":true,"href":"https:\/\/canal7slp.tv\/2026\/wp-json\/wp\/v2\/categories?post=184321"},{"taxonomy":"post_tag","embeddable":true,"href":"https:\/\/canal7slp.tv\/2026\/wp-json\/wp\/v2\/tags?post=184321"}],"curies":[{"name":"wp","href":"https:\/\/api.w.org\/{rel}","templated":true}]}}