{"id":184318,"date":"2025-11-07T14:49:15","date_gmt":"2025-11-07T20:49:15","guid":{"rendered":"https:\/\/canal7slp.tv\/2026\/?p=184318"},"modified":"2025-11-07T14:49:15","modified_gmt":"2025-11-07T20:49:15","slug":"miles-marchan-por-la-paz-en-uruapan-y-exigen-justicia-por-el-asesinato-de-manzo-rodriguez","status":"publish","type":"post","link":"https:\/\/canal7slp.tv\/2026\/miles-marchan-por-la-paz-en-uruapan-y-exigen-justicia-por-el-asesinato-de-manzo-rodriguez\/","title":{"rendered":"Miles marchan por la Paz en Uruapan y exigen justicia por el asesinato de Manzo Rodr\u00edguez"},"content":{"rendered":"<p style=\"text-align: justify;\">Uruapan.- Miles de ciudadanos participaron este viernes 7 de noviembre en una Marcha por la Paz para exigir justicia por el asesinato del alcalde Carlos Manzo Rodr\u00edguez y reclamar medidas urgentes contra la creciente inseguridad en Michoac\u00e1n.<\/p>\n<p style=\"text-align: justify;\">Los manifestantes, vestidos de blanco y portando flores, recorrieron las principales calles de la ciudad desde la glorieta del Paseo L\u00e1zaro C\u00e1rdenas hasta el centro hist\u00f3rico, al grito de consignas como \u201cCarlos no muri\u00f3, el gobierno lo mat\u00f3\u201d y \u201cQuiero regresar a Uruapan sin miedo\u201d. El movimiento se acompa\u00f1\u00f3 de un paro total de actividades como se\u00f1al de luto y protesta social.<\/p>\n<p style=\"text-align: justify;\">Durante el acto, la presidenta municipal sustituta, Grecia Quiroz (viuda de Manzo) asegur\u00f3 que su encuentro con la presidenta Claudia Sheinbaum \u201cno fue para doblar las manos, sino para exigir justicia\u201d. Prometi\u00f3 honrar la memoria de su esposo y afirm\u00f3 que en 2027 se emitir\u00e1 un voto de castigo contra quienes considera responsables pol\u00edticos del crimen.<\/p>\n<p style=\"text-align: justify;\">La Fiscal\u00eda de Michoac\u00e1n identific\u00f3 al presunto responsable material como V\u00edctor Manuel Ubaldo Vidales, de 17 a\u00f1os, originario de Paracho, quien habr\u00eda actuado junto a otros implicados vinculados al crimen organizado. En el ataque tambi\u00e9n result\u00f3 herido el regidor V\u00edctor Hugo de la Cruz, quien ya fue dado de alta.<\/p>\n","protected":false},"excerpt":{"rendered":"<p>Uruapan.- Miles de ciudadanos participaron este viernes 7 de noviembre en una Marcha por la Paz para exigir justicia por el asesinato del alcalde Carlos Manzo Rodr\u00edguez y reclamar medidas urgentes contra la creciente inseguridad en Michoac\u00e1n. Los manifestantes, vestidos de blanco y portando flores, recorrieron las principales calles de la ciudad desde la glorieta del Paseo L\u00e1zaro C\u00e1rdenas hasta el centro hist\u00f3rico, al grito de consignas como \u201cCarlos no muri\u00f3, el gobierno lo mat\u00f3\u201d y \u201cQuiero regresar a Uruapan sin miedo\u201d. El movimiento se acompa\u00f1\u00f3 de un paro total de actividades como se\u00f1al de luto y protesta social. Durante [&hellip;]<\/p>\n","protected":false},"author":2,"featured_media":184319,"comment_status":"closed","ping_status":"closed","sticky":false,"template":"","format":"standard","meta":{"_monsterinsights_skip_tracking":false,"_monsterinsights_sitenote_active":false,"_monsterinsights_sitenote_note":"","_monsterinsights_sitenote_category":0,"footnotes":""},"categories":[46],"tags":[],"class_list":["post-184318","post","type-post","status-publish","format-standard","has-post-thumbnail","hentry","category-nacional","post--single"],"_links":{"self":[{"href":"https:\/\/canal7slp.tv\/2026\/wp-json\/wp\/v2\/posts\/184318","targetHints":{"allow":["GET"]}}],"collection":[{"href":"https:\/\/canal7slp.tv\/2026\/wp-json\/wp\/v2\/posts"}],"about":[{"href":"https:\/\/canal7slp.tv\/2026\/wp-json\/wp\/v2\/types\/post"}],"author":[{"embeddable":true,"href":"https:\/\/canal7slp.tv\/2026\/wp-json\/wp\/v2\/users\/2"}],"replies":[{"embeddable":true,"href":"https:\/\/canal7slp.tv\/2026\/wp-json\/wp\/v2\/comments?post=184318"}],"version-history":[{"count":1,"href":"https:\/\/canal7slp.tv\/2026\/wp-json\/wp\/v2\/posts\/184318\/revisions"}],"predecessor-version":[{"id":184320,"href":"https:\/\/canal7slp.tv\/2026\/wp-json\/wp\/v2\/posts\/184318\/revisions\/184320"}],"wp:featuredmedia":[{"embeddable":true,"href":"https:\/\/canal7slp.tv\/2026\/wp-json\/wp\/v2\/media\/184319"}],"wp:attachment":[{"href":"https:\/\/canal7slp.tv\/2026\/wp-json\/wp\/v2\/media?parent=184318"}],"wp:term":[{"taxonomy":"category","embeddable":true,"href":"https:\/\/canal7slp.tv\/2026\/wp-json\/wp\/v2\/categories?post=184318"},{"taxonomy":"post_tag","embeddable":true,"href":"https:\/\/canal7slp.tv\/2026\/wp-json\/wp\/v2\/tags?post=184318"}],"curies":[{"name":"wp","href":"https:\/\/api.w.org\/{rel}","templated":true}]}}